
{"id":156125,"date":"2021-11-17T20:21:22","date_gmt":"2021-11-17T23:21:22","guid":{"rendered":"http:\/\/www.politicosdosuldabahia.com.br\/v1\/?p=156125"},"modified":"2021-11-17T20:21:22","modified_gmt":"2021-11-17T23:21:22","slug":"coluna-mel-de-cacau-com-veneno-politico-26","status":"publish","type":"post","link":"https:\/\/www.politicosdosuldabahia.com.br\/v1\/2021\/11\/17\/coluna-mel-de-cacau-com-veneno-politico-26\/","title":{"rendered":"COLUNA \u201cMEL DE CACAU COM VENENO POL\u00cdTICO\u201d"},"content":{"rendered":"<h3 style=\"text-align: justify;\"><a href=\"http:\/\/www.politicosdosuldabahia.com.br\/v1\/2021\/02\/20\/coluna-mel-de-cacau-com-veneno-politico\/meldecacau1\/\" rel=\"attachment wp-att-146429\"><img loading=\"lazy\" decoding=\"async\" class=\"size-full wp-image-146429\" src=\"http:\/\/www.politicosdosuldabahia.com.br\/v1\/wp-content\/uploads\/2021\/02\/MELDECACAU1-e1613755935954.jpg\" alt=\"MELDECACAU1\" width=\"470\" height=\"626\" \/><\/a><\/h3>\n<h3 style=\"text-align: justify;\">Mais uma edi\u00e7\u00e3o da coluna \u201cMel de Cacau com Veneno pol\u00edtico\u201d, que tem como objetivo relatar alguns fatos da pol\u00edtica do sul da Bahia.<\/h3>\n<h3 style=\"text-align: justify;\">CLIMA TENSO<\/h3>\n<h3 style=\"text-align: justify;\">O clima n\u00e3o anda nada bom entre o deputado estadual Rosemberg Pinto e o federal Josias Gomes. Pelo jeito, o galego Wagner ter\u00e1 que entrar no circuito para selar a paz entre os dois petistas.<\/h3>\n<h3 style=\"text-align: justify;\">PREFEITO FAZENDEIRO<\/h3>\n<h3 style=\"text-align: justify;\">Um prefeito reeleito de uma cidade pacata da regi\u00e3o sudoeste comprou uma fazenda em Potiragu\u00e1, vizinho a uma fazenda de Geddel. Foram 30 alqueires e o pagamento a vista.<\/h3>\n<h3 style=\"text-align: justify;\">A M\u00c1SCARA DE J\u00c2NIO CAIU<\/h3>\n<h3 style=\"text-align: justify;\">O prefeito de Porto Seguro, J\u00e2nio Natal \u00e9 conhecido por criar factoides. A \u00faltima foi liberar a popula\u00e7\u00e3o de circular sem m\u00e1scara na cidade. N\u00e3o durou muito tempo, casos de coronav\u00edrus aumentaram e ele recuou.<\/h3>\n<h3 style=\"text-align: justify;\">WENCESLAU COM TODO G\u00c1S<\/h3>\n<h3 style=\"text-align: justify;\">O pr\u00e9-candidato a deputado federal Wenceslau JR (PC do B), est\u00e1 sendo tratado como uma das prioridades do partido. Ele tem conquistado apoios importantes na regi\u00e3o e j\u00e1 tem o apoio de quatro vereadores em Itabuna.<\/h3>\n<h3 style=\"text-align: justify;\">ANIVERS\u00c1RIO DE JO\u00c3O ROMA FOI FRACO<\/h3>\n<h3 style=\"text-align: justify;\">No final de semana o ministro Jo\u00e3o Roma fez uma festa na sua fazenda para comemorar anivers\u00e1rio. Mas a festa contou com a presen\u00e7a de poucos prefeitos, parece que o Ministro n\u00e3o gostou muito n\u00e3o.<\/h3>\n<h3 style=\"text-align: justify;\">GERALDO SIM\u00d5ES EM PORTUGAL<\/h3>\n<h3 style=\"text-align: justify;\">O ex-prefeito de Itabuna, Geraldo Sim\u00f5es completou anivers\u00e1rio no \u00faltimo dia 13. O petista viajou logo depois com a fam\u00edlia para Portugal, depois mais de um ano isolado por causa da pandemia, o ex-prefeito decidiu desbravar a terra do vinho.<\/h3>\n<h3 style=\"text-align: justify;\">ACM NETO COM PALANQUE PESADO EM ITABUNA<\/h3>\n<h3 style=\"text-align: justify;\">O pr\u00e9-candidato a governador ACM Neto est\u00e1 com um palanque muito pesado em Itabuna. Ele ter\u00e1 que dividir a turma ou formar um palanque sobre um caminh\u00e3o, para n\u00e3o cair. O palanque ter\u00e1 de Fernando Gomes e Maria Alice, at\u00e9 Guinho e Nery. O palanque da gera\u00e7\u00e3o anal\u00f3gica e digital.<\/h3>\n<h3 style=\"text-align: justify;\">ALMIR MELO JR SINALIZA QUE VAI COM WAGNER<br \/>\n<a href=\"http:\/\/www.politicosdosuldabahia.com.br\/v1\/2021\/11\/16\/itabuna-augusto-castro-com-rui-e-wagner\/257891191_4617284728329368_5464308223752818219_n\/\" rel=\"attachment wp-att-156029\"><img loading=\"lazy\" decoding=\"async\" class=\"aligncenter size-full wp-image-156029\" src=\"http:\/\/www.politicosdosuldabahia.com.br\/v1\/wp-content\/uploads\/2021\/11\/257891191_4617284728329368_5464308223752818219_n-e1637074485229.jpg\" alt=\"257891191_4617284728329368_5464308223752818219_n\" width=\"480\" height=\"362\" \/><\/a><br \/>\nPor falar em ACM Neto, ele pode perder o apoio de um aliado em Canavieiras, trata-se de Almir Melo JR, que mesmo sendo por seis anos secret\u00e1rio de ACM Neto em Salvador, tem sido cobi\u00e7ado por Wagner.<\/h3>\n<h3 style=\"text-align: justify;\">CONFUS\u00c3O ENTRE VEREADORES PODE CHEGAR AO MP<\/h3>\n<h3 style=\"text-align: justify;\">A confus\u00e3o envolvendo alguns vereadores Itabuna sobre a \u201cfarra das di\u00e1rias\u201d pode chegar ao MP. Vale lembrar que o \u00faltimo esc\u00e2ndalo na c\u00e2mara teve repercuss\u00e3o nacional ap\u00f3s a a\u00e7\u00e3o do MP.<\/h3>\n<h3 style=\"text-align: justify;\">MAR\u00c3O FEZ HOMENAGEM A RUI<\/h3>\n<p><a href=\"http:\/\/www.politicosdosuldabahia.com.br\/v1\/2021\/11\/16\/ilheus-prefeito-mario-alexandre-entrega-trecho-do-canal-do-malhado-governador-rui-marca-presenca-no-ato\/7de5b168-dc14-b8a0-dedb-dbc2c0cd60db_650x450\/\" rel=\"attachment wp-att-156061\"><img loading=\"lazy\" decoding=\"async\" class=\"aligncenter size-full wp-image-156061\" src=\"http:\/\/www.politicosdosuldabahia.com.br\/v1\/wp-content\/uploads\/2021\/11\/7DE5B168-DC14-B8A0-DEDB-DBC2C0CD60DB_650X450-e1637099479541.jpeg\" alt=\"{7DE5B168-DC14-B8A0-DEDB-DBC2C0CD60DB}_650X450\" width=\"450\" height=\"312\" \/><\/a><\/p>\n<h3 style=\"text-align: justify;\">O prefeito de Ilh\u00e9us, Mar\u00e3o fez uma homenagem ao governador Rui Costa. Durante uma inaugura\u00e7\u00e3o o prefeito cantou para o governador a m\u00fasica \u201camigo camarada\u201d, de Roberto Carlos.<\/h3>\n<h3 style=\"text-align: justify;\">DIEGO PITANGA DE MALAS PRONTAS DO PT<\/h3>\n<h3 style=\"text-align: justify;\">O suplente de vereador de Itabuna, Diego Pitanga j\u00e1 arrumou as malas para deixar o PT. Ele desde a \u00faltima elei\u00e7\u00e3o ficou chateado com o tratamento que recebeu durante e p\u00f3s elei\u00e7\u00e3o pelo partido.<\/h3>\n<h3 style=\"text-align: justify;\">A INCOER\u00caNCIA DO EMPRES\u00c1RIO NEOLIBERAL<\/h3>\n<h3 style=\"text-align: justify;\">Em Itabuna um empres\u00e1rio que defende o neoliberalismo invadiu uma rua e murou. Depois de alguns anos foi notificado para devolver a rua para o munic\u00edpio, ai argumentou que estava apenas \u201cprotegendo de invasores\u201d. Parece que o estado m\u00ednimo \u00e9 s\u00f3 no discurso.<\/h3>\n","protected":false},"excerpt":{"rendered":"<p>Mais uma edi\u00e7\u00e3o da coluna \u201cMel de Cacau com Veneno pol\u00edtico\u201d, que tem como objetivo relatar alguns fatos da pol\u00edtica do sul da Bahia. CLIMA TENSO O clima n\u00e3o anda nada bom entre o deputado estadual Rosemberg Pinto e o federal Josias Gomes. Pelo jeito, o galego Wagner ter\u00e1 que entrar no circuito para selar [&hellip;]<\/p>\n","protected":false},"author":2,"featured_media":0,"comment_status":"open","ping_status":"open","sticky":false,"template":"","format":"standard","meta":{"footnotes":"","_links_to":"","_links_to_target":""},"categories":[1],"tags":[],"class_list":["post-156125","post","type-post","status-publish","format-standard","hentry","category-geral"],"views":1182,"_links":{"self":[{"href":"https:\/\/www.politicosdosuldabahia.com.br\/v1\/wp-json\/wp\/v2\/posts\/156125"}],"collection":[{"href":"https:\/\/www.politicosdosuldabahia.com.br\/v1\/wp-json\/wp\/v2\/posts"}],"about":[{"href":"https:\/\/www.politicosdosuldabahia.com.br\/v1\/wp-json\/wp\/v2\/types\/post"}],"author":[{"embeddable":true,"href":"https:\/\/www.politicosdosuldabahia.com.br\/v1\/wp-json\/wp\/v2\/users\/2"}],"replies":[{"embeddable":true,"href":"https:\/\/www.politicosdosuldabahia.com.br\/v1\/wp-json\/wp\/v2\/comments?post=156125"}],"version-history":[{"count":2,"href":"https:\/\/www.politicosdosuldabahia.com.br\/v1\/wp-json\/wp\/v2\/posts\/156125\/revisions"}],"predecessor-version":[{"id":156127,"href":"https:\/\/www.politicosdosuldabahia.com.br\/v1\/wp-json\/wp\/v2\/posts\/156125\/revisions\/156127"}],"wp:attachment":[{"href":"https:\/\/www.politicosdosuldabahia.com.br\/v1\/wp-json\/wp\/v2\/media?parent=156125"}],"wp:term":[{"taxonomy":"category","embeddable":true,"href":"https:\/\/www.politicosdosuldabahia.com.br\/v1\/wp-json\/wp\/v2\/categories?post=156125"},{"taxonomy":"post_tag","embeddable":true,"href":"https:\/\/www.politicosdosuldabahia.com.br\/v1\/wp-json\/wp\/v2\/tags?post=156125"}],"curies":[{"name":"wp","href":"https:\/\/api.w.org\/{rel}","templated":true}]}}