
{"id":156032,"date":"2021-11-16T12:03:49","date_gmt":"2021-11-16T15:03:49","guid":{"rendered":"http:\/\/www.politicosdosuldabahia.com.br\/v1\/?p=156032"},"modified":"2021-11-16T12:03:49","modified_gmt":"2021-11-16T15:03:49","slug":"deputada-dayane-pimentel-comemora-desempenho-de-moro-na-bahia","status":"publish","type":"post","link":"https:\/\/www.politicosdosuldabahia.com.br\/v1\/2021\/11\/16\/deputada-dayane-pimentel-comemora-desempenho-de-moro-na-bahia\/","title":{"rendered":"DEPUTADA DAYANE PIMENTEL COMEMORA DESEMPENHO DE MORO NA BAHIA"},"content":{"rendered":"<h3 style=\"text-align: justify\"><img loading=\"lazy\" decoding=\"async\" class=\"size-full wp-image-156033 aligncenter\" src=\"http:\/\/www.politicosdosuldabahia.com.br\/v1\/wp-content\/uploads\/2021\/11\/WhatsApp-Image-2021-11-14-at-10.18.53.jpeg\" alt=\"WhatsApp Image 2021-11-14 at 10.18.53\" width=\"560\" height=\"547\" srcset=\"https:\/\/www.politicosdosuldabahia.com.br\/v1\/wp-content\/uploads\/2021\/11\/WhatsApp-Image-2021-11-14-at-10.18.53.jpeg 560w, https:\/\/www.politicosdosuldabahia.com.br\/v1\/wp-content\/uploads\/2021\/11\/WhatsApp-Image-2021-11-14-at-10.18.53-300x293.jpeg 300w\" sizes=\"(max-width: 560px) 100vw, 560px\" \/><\/h3>\n<h3 style=\"text-align: justify\">A deputada federal Professora Dayane Pimentel (PSL) comemorou o crescimento do ex-ministro da justi\u00e7a, Sergio Moro, nas pesquisas eleitorais na Bahia.No \u00faltimo levantamento realizado pela consultoria Atlas, comandado pelo cientista pol\u00edtico Andrei Roman, e divulgada pelo Valor, at\u00e9 o momento S\u00e9rgio Moro est\u00e1 em quarto lugar com 5,9%, seguido de Eduardo Leite (0,7%). H\u00e1 3 meses, Moro pontuava 3,8%, no levantamento feito pelo Instituto Paran\u00e1 Pesquisas.<\/h3>\n<h3 style=\"text-align: justify\">\nSegundo a Atlas, na lideran\u00e7a da corrida presidencial na Bahia est\u00e1 Lula, que tem um \u00edndice de 60,7% das inten\u00e7\u00f5es de voto, Jair Bolsonaro que aparece com 20% e o pedetista Ciro Gomes, que aparece na terceira coloca\u00e7\u00e3o com 8,7%.<\/h3>\n<h3 style=\"text-align: justify\">\n\u201c\u00c9 um in\u00edcio muito animador para Moro. Em um estado assolado pela ilus\u00e3o com a esquerda, observamos um movimento org\u00e2nico de apoio a um Brasil de paz, equil\u00edbrio e justi\u00e7a que Moro tem total condi\u00e7\u00f5es de representar. Vamos caminhar buscando aumentar esse \u00edndice entendendo que a Bahia pode ser uma aliada dando sua contribui\u00e7\u00e3o real para essa candidatura\u201d, disse a Professora Dayane.<\/h3>\n","protected":false},"excerpt":{"rendered":"<p>A deputada federal Professora Dayane Pimentel (PSL) comemorou o crescimento do ex-ministro da justi\u00e7a, Sergio Moro, nas pesquisas eleitorais na Bahia.No \u00faltimo levantamento realizado pela consultoria Atlas, comandado pelo cientista pol\u00edtico Andrei Roman, e divulgada pelo Valor, at\u00e9 o momento S\u00e9rgio Moro est\u00e1 em quarto lugar com 5,9%, seguido de Eduardo Leite (0,7%). H\u00e1 3 [&hellip;]<\/p>\n","protected":false},"author":992,"featured_media":0,"comment_status":"open","ping_status":"open","sticky":false,"template":"","format":"standard","meta":{"footnotes":"","_links_to":"","_links_to_target":""},"categories":[14],"tags":[],"class_list":["post-156032","post","type-post","status-publish","format-standard","hentry","category-bahia-geral"],"views":779,"_links":{"self":[{"href":"https:\/\/www.politicosdosuldabahia.com.br\/v1\/wp-json\/wp\/v2\/posts\/156032"}],"collection":[{"href":"https:\/\/www.politicosdosuldabahia.com.br\/v1\/wp-json\/wp\/v2\/posts"}],"about":[{"href":"https:\/\/www.politicosdosuldabahia.com.br\/v1\/wp-json\/wp\/v2\/types\/post"}],"author":[{"embeddable":true,"href":"https:\/\/www.politicosdosuldabahia.com.br\/v1\/wp-json\/wp\/v2\/users\/992"}],"replies":[{"embeddable":true,"href":"https:\/\/www.politicosdosuldabahia.com.br\/v1\/wp-json\/wp\/v2\/comments?post=156032"}],"version-history":[{"count":1,"href":"https:\/\/www.politicosdosuldabahia.com.br\/v1\/wp-json\/wp\/v2\/posts\/156032\/revisions"}],"predecessor-version":[{"id":156034,"href":"https:\/\/www.politicosdosuldabahia.com.br\/v1\/wp-json\/wp\/v2\/posts\/156032\/revisions\/156034"}],"wp:attachment":[{"href":"https:\/\/www.politicosdosuldabahia.com.br\/v1\/wp-json\/wp\/v2\/media?parent=156032"}],"wp:term":[{"taxonomy":"category","embeddable":true,"href":"https:\/\/www.politicosdosuldabahia.com.br\/v1\/wp-json\/wp\/v2\/categories?post=156032"},{"taxonomy":"post_tag","embeddable":true,"href":"https:\/\/www.politicosdosuldabahia.com.br\/v1\/wp-json\/wp\/v2\/tags?post=156032"}],"curies":[{"name":"wp","href":"https:\/\/api.w.org\/{rel}","templated":true}]}}