
{"id":155883,"date":"2021-11-11T11:24:27","date_gmt":"2021-11-11T14:24:27","guid":{"rendered":"http:\/\/www.politicosdosuldabahia.com.br\/v1\/?p=155883"},"modified":"2021-11-11T11:39:07","modified_gmt":"2021-11-11T14:39:07","slug":"itabuna-kaua-araujo-e-o-indio-prometem-muita-danca-e-emocao-na-bora-musica-neste-sabado","status":"publish","type":"post","link":"https:\/\/www.politicosdosuldabahia.com.br\/v1\/2021\/11\/11\/itabuna-kaua-araujo-e-o-indio-prometem-muita-danca-e-emocao-na-bora-musica-neste-sabado\/","title":{"rendered":"ITABUNA: KAU\u00c3 ARA\u00daJO E O \u00cdNDIO PROMETEM MUITA DAN\u00c7A E EMO\u00c7\u00c3O NA BORA MUSICA NESTE S\u00c1BADO"},"content":{"rendered":"<h3 style=\"text-align: justify\"><img loading=\"lazy\" decoding=\"async\" class=\"size-full wp-image-155884 aligncenter\" src=\"http:\/\/www.politicosdosuldabahia.com.br\/v1\/wp-content\/uploads\/2021\/11\/WhatsApp-Image-2021-11-08-at-23.51.58.jpeg\" alt=\"WhatsApp Image 2021-11-08 at 23.51.58\" width=\"455\" height=\"455\" srcset=\"https:\/\/www.politicosdosuldabahia.com.br\/v1\/wp-content\/uploads\/2021\/11\/WhatsApp-Image-2021-11-08-at-23.51.58.jpeg 455w, https:\/\/www.politicosdosuldabahia.com.br\/v1\/wp-content\/uploads\/2021\/11\/WhatsApp-Image-2021-11-08-at-23.51.58-150x150.jpeg 150w, https:\/\/www.politicosdosuldabahia.com.br\/v1\/wp-content\/uploads\/2021\/11\/WhatsApp-Image-2021-11-08-at-23.51.58-300x300.jpeg 300w\" sizes=\"(max-width: 455px) 100vw, 455px\" \/><br \/>\nNesse pr\u00f3ximo s\u00e1bado, 13 de novembro, v\u00e9spera de feriado, contar\u00e1 com um super show na Casa Noturna Bora Music. Os sucessos da regi\u00e3o, Kau\u00e3 Ara\u00fajo e O \u00cdndio, ser\u00e3o as grandes vozes que ir\u00e3o badalar o s\u00e1bado de Itabuna.<\/h3>\n<h3 style=\"text-align: justify\">A casa, que com um m\u00eas de inaugura\u00e7\u00e3o realizou eventos marcantes com Gabriel O Pr\u00edncipe, Kart Love, L\u00e1 F\u00faria, Jau, Nego Jh\u00e1 e diversas outras bandas da regi\u00e3o, soma em seu repert\u00f3rio mais uma festa que, sem d\u00favidas, ser\u00e1 um novo sucesso.<\/h3>\n<h3 style=\"text-align: justify\">Respons\u00e1vel por proporcionar noites incr\u00edveis nos finais de semana da cidade, a Bora Music est\u00e1 localizada na Travessa Jos\u00e9 Soares Pinheiro, 227 &#8211; Centro, e as experi\u00eancias do local t\u00eam impactado o p\u00fablico com as a\u00e7\u00f5es singulares, atendimento encantador e divers\u00e3o garantida.<\/h3>\n<h3 style=\"text-align: justify\"><strong>\u00a0TINDER BORA<\/strong><\/h3>\n<h3 style=\"text-align: justify\">O show desse pr\u00f3ximo s\u00e1bado promete ser inesquec\u00edvel, com a tem\u00e1tica Bora de Match, provocando um mix de sensa\u00e7\u00f5es ao som rom\u00e2ntico de Kau\u00e3 Ara\u00fajo, com participa\u00e7\u00e3o especial da dupla Raneychas, e da pegada pared\u00e3o de O \u00cdndio. O lema \u00e9 o seguinte: os casados se identifiquem porque o cupido estar\u00e1 a solta.<\/h3>\n<h3 style=\"text-align: justify\">Para viver essa nova experi\u00eancia, os ingressos (que s\u00e3o limitados) est\u00e3o sendo vendidos atrav\u00e9s do link\u00a0 boramusic.com.br e tamb\u00e9m presencialmente na loja Seven Multimarcas, localizada no Shopping Jequitib\u00e1, a partir desta quarta-feira. Os interessados podem escolher entre a pista, camarote e o lounge.<\/h3>\n<h3 style=\"text-align: justify\">A festa ter\u00e1 in\u00edcio \u00e0s 22h e s\u00f3 ser\u00e1 permitido a entrada de maiores de 18 anos que tenham tomado a primeira dose da vacina contra o COVID-19. Portanto, \u00e9 necess\u00e1rio a apresenta\u00e7\u00e3o de um documento oficial com foto e o cart\u00e3o de vacina.<\/h3>\n<h3 style=\"text-align: justify\"><strong>E a\u00ed, Bora de match?<\/strong><\/h3>\n<h3 style=\"text-align: justify\"><\/h3>\n<h3 style=\"text-align: justify\"><\/h3>\n<p>&nbsp;<\/p>\n","protected":false},"excerpt":{"rendered":"<p>Nesse pr\u00f3ximo s\u00e1bado, 13 de novembro, v\u00e9spera de feriado, contar\u00e1 com um super show na Casa Noturna Bora Music. Os sucessos da regi\u00e3o, Kau\u00e3 Ara\u00fajo e O \u00cdndio, ser\u00e3o as grandes vozes que ir\u00e3o badalar o s\u00e1bado de Itabuna. A casa, que com um m\u00eas de inaugura\u00e7\u00e3o realizou eventos marcantes com Gabriel O Pr\u00edncipe, Kart [&hellip;]<\/p>\n","protected":false},"author":992,"featured_media":0,"comment_status":"open","ping_status":"open","sticky":false,"template":"","format":"standard","meta":{"footnotes":"","_links_to":"","_links_to_target":""},"categories":[9],"tags":[],"class_list":["post-155883","post","type-post","status-publish","format-standard","hentry","category-eventos"],"views":682,"_links":{"self":[{"href":"https:\/\/www.politicosdosuldabahia.com.br\/v1\/wp-json\/wp\/v2\/posts\/155883"}],"collection":[{"href":"https:\/\/www.politicosdosuldabahia.com.br\/v1\/wp-json\/wp\/v2\/posts"}],"about":[{"href":"https:\/\/www.politicosdosuldabahia.com.br\/v1\/wp-json\/wp\/v2\/types\/post"}],"author":[{"embeddable":true,"href":"https:\/\/www.politicosdosuldabahia.com.br\/v1\/wp-json\/wp\/v2\/users\/992"}],"replies":[{"embeddable":true,"href":"https:\/\/www.politicosdosuldabahia.com.br\/v1\/wp-json\/wp\/v2\/comments?post=155883"}],"version-history":[{"count":4,"href":"https:\/\/www.politicosdosuldabahia.com.br\/v1\/wp-json\/wp\/v2\/posts\/155883\/revisions"}],"predecessor-version":[{"id":155892,"href":"https:\/\/www.politicosdosuldabahia.com.br\/v1\/wp-json\/wp\/v2\/posts\/155883\/revisions\/155892"}],"wp:attachment":[{"href":"https:\/\/www.politicosdosuldabahia.com.br\/v1\/wp-json\/wp\/v2\/media?parent=155883"}],"wp:term":[{"taxonomy":"category","embeddable":true,"href":"https:\/\/www.politicosdosuldabahia.com.br\/v1\/wp-json\/wp\/v2\/categories?post=155883"},{"taxonomy":"post_tag","embeddable":true,"href":"https:\/\/www.politicosdosuldabahia.com.br\/v1\/wp-json\/wp\/v2\/tags?post=155883"}],"curies":[{"name":"wp","href":"https:\/\/api.w.org\/{rel}","templated":true}]}}