
{"id":155703,"date":"2021-11-04T23:35:04","date_gmt":"2021-11-05T02:35:04","guid":{"rendered":"http:\/\/www.politicosdosuldabahia.com.br\/v1\/?p=155703"},"modified":"2021-11-04T23:35:04","modified_gmt":"2021-11-05T02:35:04","slug":"bahia-caca-leao-sai-em-defesa-de-otto-alencar","status":"publish","type":"post","link":"https:\/\/www.politicosdosuldabahia.com.br\/v1\/2021\/11\/04\/bahia-caca-leao-sai-em-defesa-de-otto-alencar\/","title":{"rendered":"BAHIA:  CAC\u00c1 LE\u00c3O SAI EM DEFESA DE OTTO ALENCAR"},"content":{"rendered":"<p><a href=\"http:\/\/www.politicosdosuldabahia.com.br\/v1\/2020\/06\/30\/itabuna-caca-leao-defende-nomes-do-pp-na-vice-do-capitao-azevedo\/caca-e1569875947640\/\" rel=\"attachment wp-att-137285\"><img loading=\"lazy\" decoding=\"async\" class=\"size-full wp-image-137285\" src=\"http:\/\/www.politicosdosuldabahia.com.br\/v1\/wp-content\/uploads\/2020\/06\/CACA-e1569875947640.jpg\" alt=\"????????????????????????????????????\" width=\"500\" height=\"350\" srcset=\"https:\/\/www.politicosdosuldabahia.com.br\/v1\/wp-content\/uploads\/2020\/06\/CACA-e1569875947640.jpg 500w, https:\/\/www.politicosdosuldabahia.com.br\/v1\/wp-content\/uploads\/2020\/06\/CACA-e1569875947640-300x210.jpg 300w\" sizes=\"(max-width: 500px) 100vw, 500px\" \/><\/a><\/p>\n<h3 style=\"text-align: justify;\">O deputado federal Cac\u00e1 Le\u00e3o (PP), saiu em defesa do senador Otto Alencar (PSD), em rela\u00e7\u00e3o a vota\u00e7\u00e3o da PEC dos precat\u00f3rios.\u00a0Cac\u00e1 Le\u00e3o \u00e9 l\u00edder do PP e filho do vice-governador Jo\u00e3o Le\u00e3o (PP).<\/h3>\n<h3 style=\"text-align: justify;\">\u201cAs palavras do Senador Otto Alencar reestabelecem a verdade de quem participou e homologou os acordos para vota\u00e7\u00e3o da bancada baiana durante a vota\u00e7\u00e3o da PEC dos precat\u00f3rios. O Parcelamento dos recursos do Fundef em 40\/30\/30 foi uma conquista da bancada baiana, coordenada pelo Senador Otto e avalizada pelo Governador. O tempo do chicote e do coronelismo j\u00e1 acabou na Bahia faz tempo e n\u00e3o ser\u00e1 reeditado por ningu\u00e9m. Somos aliados fi\u00e9is, mas n\u00e3o somos capachos e exigimos respeito as nossas posi\u00e7\u00f5es\u201d.<\/h3>\n","protected":false},"excerpt":{"rendered":"<p>O deputado federal Cac\u00e1 Le\u00e3o (PP), saiu em defesa do senador Otto Alencar (PSD), em rela\u00e7\u00e3o a vota\u00e7\u00e3o da PEC dos precat\u00f3rios.\u00a0Cac\u00e1 Le\u00e3o \u00e9 l\u00edder do PP e filho do vice-governador Jo\u00e3o Le\u00e3o (PP). \u201cAs palavras do Senador Otto Alencar reestabelecem a verdade de quem participou e homologou os acordos para vota\u00e7\u00e3o da bancada baiana [&hellip;]<\/p>\n","protected":false},"author":2,"featured_media":0,"comment_status":"open","ping_status":"open","sticky":false,"template":"","format":"standard","meta":{"footnotes":"","_links_to":"","_links_to_target":""},"categories":[1],"tags":[],"class_list":["post-155703","post","type-post","status-publish","format-standard","hentry","category-geral"],"views":927,"_links":{"self":[{"href":"https:\/\/www.politicosdosuldabahia.com.br\/v1\/wp-json\/wp\/v2\/posts\/155703"}],"collection":[{"href":"https:\/\/www.politicosdosuldabahia.com.br\/v1\/wp-json\/wp\/v2\/posts"}],"about":[{"href":"https:\/\/www.politicosdosuldabahia.com.br\/v1\/wp-json\/wp\/v2\/types\/post"}],"author":[{"embeddable":true,"href":"https:\/\/www.politicosdosuldabahia.com.br\/v1\/wp-json\/wp\/v2\/users\/2"}],"replies":[{"embeddable":true,"href":"https:\/\/www.politicosdosuldabahia.com.br\/v1\/wp-json\/wp\/v2\/comments?post=155703"}],"version-history":[{"count":1,"href":"https:\/\/www.politicosdosuldabahia.com.br\/v1\/wp-json\/wp\/v2\/posts\/155703\/revisions"}],"predecessor-version":[{"id":155704,"href":"https:\/\/www.politicosdosuldabahia.com.br\/v1\/wp-json\/wp\/v2\/posts\/155703\/revisions\/155704"}],"wp:attachment":[{"href":"https:\/\/www.politicosdosuldabahia.com.br\/v1\/wp-json\/wp\/v2\/media?parent=155703"}],"wp:term":[{"taxonomy":"category","embeddable":true,"href":"https:\/\/www.politicosdosuldabahia.com.br\/v1\/wp-json\/wp\/v2\/categories?post=155703"},{"taxonomy":"post_tag","embeddable":true,"href":"https:\/\/www.politicosdosuldabahia.com.br\/v1\/wp-json\/wp\/v2\/tags?post=155703"}],"curies":[{"name":"wp","href":"https:\/\/api.w.org\/{rel}","templated":true}]}}