
{"id":155564,"date":"2021-10-29T11:41:45","date_gmt":"2021-10-29T14:41:45","guid":{"rendered":"http:\/\/www.politicosdosuldabahia.com.br\/v1\/?p=155564"},"modified":"2021-10-29T11:41:45","modified_gmt":"2021-10-29T14:41:45","slug":"embasa-pede-reajuste-de-1373-na-tarifa-de-agua-apos-dois-anos-sem-aumento","status":"publish","type":"post","link":"https:\/\/www.politicosdosuldabahia.com.br\/v1\/2021\/10\/29\/embasa-pede-reajuste-de-1373-na-tarifa-de-agua-apos-dois-anos-sem-aumento\/","title":{"rendered":"EMBASA PEDE REAJUSTE DE 13,73% NA TARIFA DE \u00c1GUA AP\u00d3S DOIS ANOS SEM AUMENTO"},"content":{"rendered":"<div class=\"box-title\">\n<h3 style=\"text-align: justify\"><img loading=\"lazy\" decoding=\"async\" class=\"size-full wp-image-155565 aligncenter\" src=\"http:\/\/www.politicosdosuldabahia.com.br\/v1\/wp-content\/uploads\/2021\/10\/IMAGEM_NOTICIA_5.jpg\" alt=\"IMAGEM_NOTICIA_5\" width=\"380\" height=\"280\" srcset=\"https:\/\/www.politicosdosuldabahia.com.br\/v1\/wp-content\/uploads\/2021\/10\/IMAGEM_NOTICIA_5.jpg 380w, https:\/\/www.politicosdosuldabahia.com.br\/v1\/wp-content\/uploads\/2021\/10\/IMAGEM_NOTICIA_5-300x221.jpg 300w\" sizes=\"(max-width: 380px) 100vw, 380px\" \/><\/h3>\n<h3 style=\"text-align: justify\">A Embasa solicitou \u00e0 Ag\u00eancia Reguladora de Saneamento B\u00e1sico do Estado da Bahia (Agersa) o reajuste de 13,73% nas contas de \u00e1gua. A empresa justifica que os atuais valores est\u00e3o defasados, uma vez que ainda s\u00e3o os mesmos que foram praticados em 2019.<\/h3>\n<\/div>\n<h3 style=\"text-align: justify\">Em 2020, a Agersa resolveu n\u00e3o reajustar a tarifa, argumentando que, por causa da pandemia, as fam\u00edlias baianas estavam enfrentando dificuldades decorrentes da retra\u00e7\u00e3o da atividade econ\u00f4mica.<\/h3>\n<h3 style=\"text-align: justify\">Segundo a Embasa, o reajuste \u00e9 uma adequa\u00e7\u00e3o da tarifa \u00e0 realidade, sendo necess\u00e1ria para manter a empresa funcionando dentro de par\u00e2metros aceit\u00e1veis de qualidade, al\u00e9m de preservar sua capacidade de fazer novos investimentos.<\/h3>\n<h3 style=\"text-align: justify\">Ainda de acordo com a empresa, a demanda pela \u00e1gua tratada e pelo esgotamento sanit\u00e1rio \u00e9 sempre crescente e faz parte da fun\u00e7\u00e3o social da Embasa atender a essa necessidade da popula\u00e7\u00e3o, com a constru\u00e7\u00e3o de novas adutoras, sistemas de abastecimento e esta\u00e7\u00f5es de tratamento de esgoto\u00a0 em toda a Bahia.<\/h3>\n<h3 style=\"text-align: justify\"><b><strong>Aviso:<\/strong><\/b>\u00a0Os coment\u00e1rios s\u00e3o de responsabilidade dos autores e n\u00e3o representam a opini\u00e3o do Bahia Not\u00edcias. \u00c9 vetada a postagem de conte\u00fados que violem a lei e\/ ou direitos de terceiros. Coment\u00e1rios postados que n\u00e3o respeitem os crit\u00e9rios podem ser removidos sem pr\u00e9via notifica\u00e7\u00e3o.<\/h3>\n<h4>Do Bahia Not\u00edcias<\/h4>\n<h3><\/h3>\n","protected":false},"excerpt":{"rendered":"<p>A Embasa solicitou \u00e0 Ag\u00eancia Reguladora de Saneamento B\u00e1sico do Estado da Bahia (Agersa) o reajuste de 13,73% nas contas de \u00e1gua. A empresa justifica que os atuais valores est\u00e3o defasados, uma vez que ainda s\u00e3o os mesmos que foram praticados em 2019. Em 2020, a Agersa resolveu n\u00e3o reajustar a tarifa, argumentando que, por [&hellip;]<\/p>\n","protected":false},"author":992,"featured_media":0,"comment_status":"open","ping_status":"open","sticky":false,"template":"","format":"standard","meta":{"footnotes":"","_links_to":"","_links_to_target":""},"categories":[14],"tags":[],"class_list":["post-155564","post","type-post","status-publish","format-standard","hentry","category-bahia-geral"],"views":613,"_links":{"self":[{"href":"https:\/\/www.politicosdosuldabahia.com.br\/v1\/wp-json\/wp\/v2\/posts\/155564"}],"collection":[{"href":"https:\/\/www.politicosdosuldabahia.com.br\/v1\/wp-json\/wp\/v2\/posts"}],"about":[{"href":"https:\/\/www.politicosdosuldabahia.com.br\/v1\/wp-json\/wp\/v2\/types\/post"}],"author":[{"embeddable":true,"href":"https:\/\/www.politicosdosuldabahia.com.br\/v1\/wp-json\/wp\/v2\/users\/992"}],"replies":[{"embeddable":true,"href":"https:\/\/www.politicosdosuldabahia.com.br\/v1\/wp-json\/wp\/v2\/comments?post=155564"}],"version-history":[{"count":1,"href":"https:\/\/www.politicosdosuldabahia.com.br\/v1\/wp-json\/wp\/v2\/posts\/155564\/revisions"}],"predecessor-version":[{"id":155566,"href":"https:\/\/www.politicosdosuldabahia.com.br\/v1\/wp-json\/wp\/v2\/posts\/155564\/revisions\/155566"}],"wp:attachment":[{"href":"https:\/\/www.politicosdosuldabahia.com.br\/v1\/wp-json\/wp\/v2\/media?parent=155564"}],"wp:term":[{"taxonomy":"category","embeddable":true,"href":"https:\/\/www.politicosdosuldabahia.com.br\/v1\/wp-json\/wp\/v2\/categories?post=155564"},{"taxonomy":"post_tag","embeddable":true,"href":"https:\/\/www.politicosdosuldabahia.com.br\/v1\/wp-json\/wp\/v2\/tags?post=155564"}],"curies":[{"name":"wp","href":"https:\/\/api.w.org\/{rel}","templated":true}]}}