
{"id":155385,"date":"2021-10-24T22:18:44","date_gmt":"2021-10-25T01:18:44","guid":{"rendered":"http:\/\/www.politicosdosuldabahia.com.br\/v1\/?p=155385"},"modified":"2021-10-24T22:18:44","modified_gmt":"2021-10-25T01:18:44","slug":"ibicarai-paulo-camara-perde-apoio-do-ex-prefeito-para-soane","status":"publish","type":"post","link":"https:\/\/www.politicosdosuldabahia.com.br\/v1\/2021\/10\/24\/ibicarai-paulo-camara-perde-apoio-do-ex-prefeito-para-soane\/","title":{"rendered":"IBICARA\u00cd: PAULO C\u00c2MARA PERDE APOIO DO EX-PREFEITO PARA SOANE"},"content":{"rendered":"<p><a href=\"http:\/\/www.politicosdosuldabahia.com.br\/v1\/2021\/10\/24\/ibicarai-paulo-camara-perde-apoio-do-ex-prefeito-para-soane\/soan-e-lula\/\" rel=\"attachment wp-att-155386\"><img loading=\"lazy\" decoding=\"async\" class=\"aligncenter size-full wp-image-155386\" src=\"http:\/\/www.politicosdosuldabahia.com.br\/v1\/wp-content\/uploads\/2021\/10\/soan-e-lula.jpg\" alt=\"soan e lula\" width=\"499\" height=\"333\" srcset=\"https:\/\/www.politicosdosuldabahia.com.br\/v1\/wp-content\/uploads\/2021\/10\/soan-e-lula.jpg 499w, https:\/\/www.politicosdosuldabahia.com.br\/v1\/wp-content\/uploads\/2021\/10\/soan-e-lula-300x200.jpg 300w\" sizes=\"(max-width: 499px) 100vw, 499px\" \/><\/a><\/p>\n<h3 style=\"text-align: justify;\">Na semana passada o ex-prefeito de Ibicara\u00ed, Lula Brand\u00e3o (PSD), realizou um evento com seu grupo pol\u00edtico para comemorar o anivers\u00e1rio da cidade. O evento teve a presen\u00e7a do vice-prefeito de Ilh\u00e9us, Bebeto (PSB) e a primeira dama Soane Galv\u00e3o.<\/h3>\n<h3 style=\"text-align: justify;\">Soane Galv\u00e3o \u00e9 pr\u00e9-candidata a deputada estadual e pela participa\u00e7\u00e3o no evento, dever\u00e1 ter o apoio do ex-prefeito. Com isso o deputado estadual Paulo C\u00e2mara (PSDB) vai perder mais um apoio na regi\u00e3o, j\u00e1 que em 2018 ele foi o mais votado na cidade com o apoio do ent\u00e3o prefeito Lula.<\/h3>\n<h3 style=\"text-align: justify;\">Na oportunidade, a lideran\u00e7a anfitri\u00e3, refor\u00e7ou o pedido aos presentes. \u201cO pedido que fa\u00e7o, pois tenho certeza que lograr\u00e1 \u00eaxito, em nome do povo, que representa 23 mil pessoas, quero falar em nome dessas pessoas: estreiem mais a rela\u00e7\u00e3o entre Ilh\u00e9us e Ibicara\u00ed. Vamos acreditar que dias melhores vir\u00e3o para Ibicara\u00ed. Soane, realizando o seu trabalho, em sua trajet\u00f3ria, coloque na sua agenda: voc\u00ea tem um compromisso e uma responsabilidade com o povo de Ibicara\u00ed\u201d, exortou Lula Brand\u00e3o.<\/h3>\n<h3 style=\"text-align: justify;\">Vale lembrar que Paulo C\u00e2mara j\u00e1 perdeu v\u00e1rios apoios no sul da Bahia, como Coaraci e Uru\u00e7uca.<\/h3>\n","protected":false},"excerpt":{"rendered":"<p>Na semana passada o ex-prefeito de Ibicara\u00ed, Lula Brand\u00e3o (PSD), realizou um evento com seu grupo pol\u00edtico para comemorar o anivers\u00e1rio da cidade. O evento teve a presen\u00e7a do vice-prefeito de Ilh\u00e9us, Bebeto (PSB) e a primeira dama Soane Galv\u00e3o. Soane Galv\u00e3o \u00e9 pr\u00e9-candidata a deputada estadual e pela participa\u00e7\u00e3o no evento, dever\u00e1 ter o [&hellip;]<\/p>\n","protected":false},"author":2,"featured_media":0,"comment_status":"open","ping_status":"open","sticky":false,"template":"","format":"standard","meta":{"footnotes":"","_links_to":"","_links_to_target":""},"categories":[1],"tags":[],"class_list":["post-155385","post","type-post","status-publish","format-standard","hentry","category-geral"],"views":764,"_links":{"self":[{"href":"https:\/\/www.politicosdosuldabahia.com.br\/v1\/wp-json\/wp\/v2\/posts\/155385"}],"collection":[{"href":"https:\/\/www.politicosdosuldabahia.com.br\/v1\/wp-json\/wp\/v2\/posts"}],"about":[{"href":"https:\/\/www.politicosdosuldabahia.com.br\/v1\/wp-json\/wp\/v2\/types\/post"}],"author":[{"embeddable":true,"href":"https:\/\/www.politicosdosuldabahia.com.br\/v1\/wp-json\/wp\/v2\/users\/2"}],"replies":[{"embeddable":true,"href":"https:\/\/www.politicosdosuldabahia.com.br\/v1\/wp-json\/wp\/v2\/comments?post=155385"}],"version-history":[{"count":2,"href":"https:\/\/www.politicosdosuldabahia.com.br\/v1\/wp-json\/wp\/v2\/posts\/155385\/revisions"}],"predecessor-version":[{"id":155388,"href":"https:\/\/www.politicosdosuldabahia.com.br\/v1\/wp-json\/wp\/v2\/posts\/155385\/revisions\/155388"}],"wp:attachment":[{"href":"https:\/\/www.politicosdosuldabahia.com.br\/v1\/wp-json\/wp\/v2\/media?parent=155385"}],"wp:term":[{"taxonomy":"category","embeddable":true,"href":"https:\/\/www.politicosdosuldabahia.com.br\/v1\/wp-json\/wp\/v2\/categories?post=155385"},{"taxonomy":"post_tag","embeddable":true,"href":"https:\/\/www.politicosdosuldabahia.com.br\/v1\/wp-json\/wp\/v2\/tags?post=155385"}],"curies":[{"name":"wp","href":"https:\/\/api.w.org\/{rel}","templated":true}]}}