
{"id":154764,"date":"2021-10-06T09:52:02","date_gmt":"2021-10-06T12:52:02","guid":{"rendered":"http:\/\/www.politicosdosuldabahia.com.br\/v1\/?p=154764"},"modified":"2021-10-06T09:52:03","modified_gmt":"2021-10-06T12:52:03","slug":"itabuna-bolsonaro-podera-visitar-cidade-para-autorizar-duplicacao-da-br-415","status":"publish","type":"post","link":"https:\/\/www.politicosdosuldabahia.com.br\/v1\/2021\/10\/06\/itabuna-bolsonaro-podera-visitar-cidade-para-autorizar-duplicacao-da-br-415\/","title":{"rendered":"ITABUNA: BOLSONARO PODER\u00c1 VISITAR CIDADE PARA AUTORIZAR DUPLICA\u00c7\u00c3O DA BR 415"},"content":{"rendered":"<p><a href=\"http:\/\/www.politicosdosuldabahia.com.br\/v1\/2021\/10\/06\/itabuna-bolsonaro-podera-visitar-cidade-para-autorizar-duplicacao-da-br-415\/bolso-jb\/\" rel=\"attachment wp-att-154765\"><img loading=\"lazy\" decoding=\"async\" class=\"aligncenter size-full wp-image-154765\" src=\"http:\/\/www.politicosdosuldabahia.com.br\/v1\/wp-content\/uploads\/2021\/10\/bolso-jb.jpg\" alt=\"bolso jb\" width=\"501\" height=\"376\" srcset=\"https:\/\/www.politicosdosuldabahia.com.br\/v1\/wp-content\/uploads\/2021\/10\/bolso-jb.jpg 501w, https:\/\/www.politicosdosuldabahia.com.br\/v1\/wp-content\/uploads\/2021\/10\/bolso-jb-300x225.jpg 300w, https:\/\/www.politicosdosuldabahia.com.br\/v1\/wp-content\/uploads\/2021\/10\/bolso-jb-400x300.jpg 400w\" sizes=\"(max-width: 501px) 100vw, 501px\" \/><\/a><\/p>\n<h3 style=\"text-align: justify;\">O deputado federal Jo\u00e3o Bacelar (PL), se movimentou bastante junto ao governo federal para viabilizar a nova licita\u00e7\u00e3o para a obra de duplica\u00e7\u00e3o da BR 415, entre Itabuna e Ilh\u00e9us.<\/h3>\n<h3 style=\"text-align: justify;\">Na semana passada o Ministro da Infraestrutura, Tarc\u00edsio Freitas anunciou a licita\u00e7\u00e3o dessa obra.<\/h3>\n<h3 style=\"text-align: justify;\">Na manh\u00e3 desta quarta-feira o deputado Jo\u00e3o Bacelar tomou caf\u00e9 com o presidente Bolsonaro. O site manteve contato com o deputado, que \u00e9 vice-l\u00edder do governo Jair Bolsonaro no Congresso, e perguntou sobre a possibilidade do presidente visitar o sul da Bahia para autorizar a duplica\u00e7\u00e3o:<\/h3>\n<h3 style=\"text-align: justify;\">\u201c Vamos esperar a conclus\u00e3o da licita\u00e7\u00e3o e depois tentar encaixar na agenda do presidente uma visita ao sul da Bahia para autorizar essa importante obra e t\u00e3o esperada. Acreditamos que ser\u00e1 muito importante a presen\u00e7a de Bolsonaro\u201d, declarou.<\/h3>\n","protected":false},"excerpt":{"rendered":"<p>O deputado federal Jo\u00e3o Bacelar (PL), se movimentou bastante junto ao governo federal para viabilizar a nova licita\u00e7\u00e3o para a obra de duplica\u00e7\u00e3o da BR 415, entre Itabuna e Ilh\u00e9us. Na semana passada o Ministro da Infraestrutura, Tarc\u00edsio Freitas anunciou a licita\u00e7\u00e3o dessa obra. Na manh\u00e3 desta quarta-feira o deputado Jo\u00e3o Bacelar tomou caf\u00e9 com [&hellip;]<\/p>\n","protected":false},"author":2,"featured_media":0,"comment_status":"open","ping_status":"open","sticky":false,"template":"","format":"standard","meta":{"footnotes":"","_links_to":"","_links_to_target":""},"categories":[1],"tags":[],"class_list":["post-154764","post","type-post","status-publish","format-standard","hentry","category-geral"],"views":1032,"_links":{"self":[{"href":"https:\/\/www.politicosdosuldabahia.com.br\/v1\/wp-json\/wp\/v2\/posts\/154764"}],"collection":[{"href":"https:\/\/www.politicosdosuldabahia.com.br\/v1\/wp-json\/wp\/v2\/posts"}],"about":[{"href":"https:\/\/www.politicosdosuldabahia.com.br\/v1\/wp-json\/wp\/v2\/types\/post"}],"author":[{"embeddable":true,"href":"https:\/\/www.politicosdosuldabahia.com.br\/v1\/wp-json\/wp\/v2\/users\/2"}],"replies":[{"embeddable":true,"href":"https:\/\/www.politicosdosuldabahia.com.br\/v1\/wp-json\/wp\/v2\/comments?post=154764"}],"version-history":[{"count":3,"href":"https:\/\/www.politicosdosuldabahia.com.br\/v1\/wp-json\/wp\/v2\/posts\/154764\/revisions"}],"predecessor-version":[{"id":154768,"href":"https:\/\/www.politicosdosuldabahia.com.br\/v1\/wp-json\/wp\/v2\/posts\/154764\/revisions\/154768"}],"wp:attachment":[{"href":"https:\/\/www.politicosdosuldabahia.com.br\/v1\/wp-json\/wp\/v2\/media?parent=154764"}],"wp:term":[{"taxonomy":"category","embeddable":true,"href":"https:\/\/www.politicosdosuldabahia.com.br\/v1\/wp-json\/wp\/v2\/categories?post=154764"},{"taxonomy":"post_tag","embeddable":true,"href":"https:\/\/www.politicosdosuldabahia.com.br\/v1\/wp-json\/wp\/v2\/tags?post=154764"}],"curies":[{"name":"wp","href":"https:\/\/api.w.org\/{rel}","templated":true}]}}