
{"id":153920,"date":"2021-09-13T14:28:36","date_gmt":"2021-09-13T17:28:36","guid":{"rendered":"http:\/\/www.politicosdosuldabahia.com.br\/v1\/?p=153920"},"modified":"2021-09-13T14:28:36","modified_gmt":"2021-09-13T17:28:36","slug":"bahia-exigira-passaporte-da-vacina-para-entrada-em-locais-publicos","status":"publish","type":"post","link":"https:\/\/www.politicosdosuldabahia.com.br\/v1\/2021\/09\/13\/bahia-exigira-passaporte-da-vacina-para-entrada-em-locais-publicos\/","title":{"rendered":"BAHIA EXIGIR\u00c1 \u201cPASSAPORTE DA VACINA\u201d PARA ENTRADA EM LOCAIS P\u00daBLICOS"},"content":{"rendered":"<h3 style=\"text-align: justify\"><img loading=\"lazy\" decoding=\"async\" class=\"aligncenter wp-image-153922\" src=\"http:\/\/www.politicosdosuldabahia.com.br\/v1\/wp-content\/uploads\/2021\/09\/WhatsApp-Image-2021-09-13-at-14.27.56.jpeg\" alt=\"WhatsApp Image 2021-09-13 at 14.27.56\" width=\"455\" height=\"256\" \/><\/h3>\n<h3 style=\"text-align: justify\">O cart\u00e3o de vacina\u00e7\u00e3o com as duas doses ou com a dose \u00fanica da vacina contra a covid-19 ser\u00e1 exigido para acesso a locais p\u00fablicos na Bahia. De acordo com o governador Rui Costa, a medida valer\u00e1 assim que houver uma percentagem satisfat\u00f3ria de pessoas vacinadas com a segunda dose. Ele tamb\u00e9m falou sobre a desativa\u00e7\u00e3o dos leitos do hospital da de campanha da Arena Fonte Nova e informou que o retorno do p\u00fablico aos est\u00e1dios ser\u00e1 liberado quando pelo menos 50% da popula\u00e7\u00e3o estiver vacinada.<\/h3>\n","protected":false},"excerpt":{"rendered":"<p>O cart\u00e3o de vacina\u00e7\u00e3o com as duas doses ou com a dose \u00fanica da vacina contra a covid-19 ser\u00e1 exigido para acesso a locais p\u00fablicos na Bahia. De acordo com o governador Rui Costa, a medida valer\u00e1 assim que houver uma percentagem satisfat\u00f3ria de pessoas vacinadas com a segunda dose. Ele tamb\u00e9m falou sobre a [&hellip;]<\/p>\n","protected":false},"author":992,"featured_media":0,"comment_status":"open","ping_status":"open","sticky":false,"template":"","format":"standard","meta":{"footnotes":"","_links_to":"","_links_to_target":""},"categories":[14],"tags":[],"class_list":["post-153920","post","type-post","status-publish","format-standard","hentry","category-bahia-geral"],"views":663,"_links":{"self":[{"href":"https:\/\/www.politicosdosuldabahia.com.br\/v1\/wp-json\/wp\/v2\/posts\/153920"}],"collection":[{"href":"https:\/\/www.politicosdosuldabahia.com.br\/v1\/wp-json\/wp\/v2\/posts"}],"about":[{"href":"https:\/\/www.politicosdosuldabahia.com.br\/v1\/wp-json\/wp\/v2\/types\/post"}],"author":[{"embeddable":true,"href":"https:\/\/www.politicosdosuldabahia.com.br\/v1\/wp-json\/wp\/v2\/users\/992"}],"replies":[{"embeddable":true,"href":"https:\/\/www.politicosdosuldabahia.com.br\/v1\/wp-json\/wp\/v2\/comments?post=153920"}],"version-history":[{"count":1,"href":"https:\/\/www.politicosdosuldabahia.com.br\/v1\/wp-json\/wp\/v2\/posts\/153920\/revisions"}],"predecessor-version":[{"id":153923,"href":"https:\/\/www.politicosdosuldabahia.com.br\/v1\/wp-json\/wp\/v2\/posts\/153920\/revisions\/153923"}],"wp:attachment":[{"href":"https:\/\/www.politicosdosuldabahia.com.br\/v1\/wp-json\/wp\/v2\/media?parent=153920"}],"wp:term":[{"taxonomy":"category","embeddable":true,"href":"https:\/\/www.politicosdosuldabahia.com.br\/v1\/wp-json\/wp\/v2\/categories?post=153920"},{"taxonomy":"post_tag","embeddable":true,"href":"https:\/\/www.politicosdosuldabahia.com.br\/v1\/wp-json\/wp\/v2\/tags?post=153920"}],"curies":[{"name":"wp","href":"https:\/\/api.w.org\/{rel}","templated":true}]}}