
{"id":153791,"date":"2021-09-08T19:47:12","date_gmt":"2021-09-08T22:47:12","guid":{"rendered":"http:\/\/www.politicosdosuldabahia.com.br\/v1\/?p=153791"},"modified":"2021-09-08T19:47:12","modified_gmt":"2021-09-08T22:47:12","slug":"no-dia-mundial-da-alfabetizacao-sandro-regis-cobra-do-governo-acoes-para-reduzir-analfabetismo-na-bahia","status":"publish","type":"post","link":"https:\/\/www.politicosdosuldabahia.com.br\/v1\/2021\/09\/08\/no-dia-mundial-da-alfabetizacao-sandro-regis-cobra-do-governo-acoes-para-reduzir-analfabetismo-na-bahia\/","title":{"rendered":"NO DIA MUNDIAL DA ALFABETIZA\u00c7\u00c3O, SANDRO R\u00c9GIS COBRA DO GOVERNO A\u00c7\u00d5ES PARA REDUZIR ANALFABETISMO NA BAHIA"},"content":{"rendered":"<h3 style=\"text-align: justify\"><img loading=\"lazy\" decoding=\"async\" class=\"size-full wp-image-140031 aligncenter\" src=\"http:\/\/www.politicosdosuldabahia.com.br\/v1\/wp-content\/uploads\/2020\/09\/Sandro-Regis-696x505-e1600966720974.jpg\" alt=\"Sandro-Regis-696x505\" width=\"496\" height=\"360\" \/><\/h3>\n<h3 style=\"text-align: justify\">O deputado estadual Sandro R\u00e9gis (Democratas), l\u00edder da Oposi\u00e7\u00e3o na Assembleia Legislativa da Bahia (ALBA), cobrou do governo do estado a\u00e7\u00f5es para reduzir o analfabetismo, ao comentar sobre o Dia Mundial da Alfabetiza\u00e7\u00e3o, celebrado nesta quarta-feira (8). O parlamentar recordou que a Bahia \u00e9 o estado com maior taxa de analfabetismo do pa\u00eds, segundo dados do Instituto de Geografia e Estat\u00edstica (IBGE).<\/h3>\n<h3 style=\"text-align: justify\">&#8220;S\u00e3o mais de 1,5 milh\u00e3o de pessoas de 15 anos ou mais que n\u00e3o sabem ler nem escrever, o que significa 13% da popula\u00e7\u00e3o do estado. A taxa da Bahia \u00e9 o dobro do \u00edndice de analfabetismo do Brasil, que \u00e9 de 6,6% (s\u00e3o 11 milh\u00f5es de pessoas no pa\u00eds). S\u00e3o n\u00fameros absurdos e vergonhosos para o nosso estado. Os governos petistas que est\u00e3o \u00e0 frente da Bahia por quase 16 anos devem ser responsabilizados&#8221;, disse R\u00e9gis.<\/h3>\n<h3 style=\"text-align: justify\">Ele pontuou, ainda, que houve aumento de 2,8% na taxa se comparado a 2018, ainda segundo o IBGE, e de 3% em rela\u00e7\u00e3o 2016. &#8220;Essa situa\u00e7\u00e3o \u00e9 reflexo do abandono da educa\u00e7\u00e3o p\u00fablica do estado provocado pelos governos do PT. Vale lembrar que a Bahia tem um dos piores ensinos m\u00e9dios do pa\u00eds, conforme o Ideb. Sem prioridade, sem investimentos na educa\u00e7\u00e3o, nossas crian\u00e7as e jovens n\u00e3o ter\u00e3o oportunidades para terem um desenvolvimento pleno, dignidade e acesso ao mercado de trabalho&#8221;, afirmou.<\/h3>\n<h3 style=\"text-align: justify\">O Dia Mundial da Alfabetiza\u00e7\u00e3o foi criado em 8 de setembro de 1967 pela Organiza\u00e7\u00e3o das Na\u00e7\u00f5es Unidas (ONU), por meio da Organiza\u00e7\u00e3o das Na\u00e7\u00f5es Unidas para a Educa\u00e7\u00e3o, a Ci\u00eancia e a Cultura (Unesco). A data visa promover um amplo debate sobre a import\u00e2ncia da alfabetiza\u00e7\u00e3o, em especial naqueles pa\u00edses que ainda t\u00eam \u00edndices elevados de analfabetismo.<\/h3>\n","protected":false},"excerpt":{"rendered":"<p>O deputado estadual Sandro R\u00e9gis (Democratas), l\u00edder da Oposi\u00e7\u00e3o na Assembleia Legislativa da Bahia (ALBA), cobrou do governo do estado a\u00e7\u00f5es para reduzir o analfabetismo, ao comentar sobre o Dia Mundial da Alfabetiza\u00e7\u00e3o, celebrado nesta quarta-feira (8). O parlamentar recordou que a Bahia \u00e9 o estado com maior taxa de analfabetismo do pa\u00eds, segundo dados [&hellip;]<\/p>\n","protected":false},"author":992,"featured_media":0,"comment_status":"open","ping_status":"open","sticky":false,"template":"","format":"standard","meta":{"footnotes":"","_links_to":"","_links_to_target":""},"categories":[14],"tags":[],"class_list":["post-153791","post","type-post","status-publish","format-standard","hentry","category-bahia-geral"],"views":726,"_links":{"self":[{"href":"https:\/\/www.politicosdosuldabahia.com.br\/v1\/wp-json\/wp\/v2\/posts\/153791"}],"collection":[{"href":"https:\/\/www.politicosdosuldabahia.com.br\/v1\/wp-json\/wp\/v2\/posts"}],"about":[{"href":"https:\/\/www.politicosdosuldabahia.com.br\/v1\/wp-json\/wp\/v2\/types\/post"}],"author":[{"embeddable":true,"href":"https:\/\/www.politicosdosuldabahia.com.br\/v1\/wp-json\/wp\/v2\/users\/992"}],"replies":[{"embeddable":true,"href":"https:\/\/www.politicosdosuldabahia.com.br\/v1\/wp-json\/wp\/v2\/comments?post=153791"}],"version-history":[{"count":1,"href":"https:\/\/www.politicosdosuldabahia.com.br\/v1\/wp-json\/wp\/v2\/posts\/153791\/revisions"}],"predecessor-version":[{"id":153792,"href":"https:\/\/www.politicosdosuldabahia.com.br\/v1\/wp-json\/wp\/v2\/posts\/153791\/revisions\/153792"}],"wp:attachment":[{"href":"https:\/\/www.politicosdosuldabahia.com.br\/v1\/wp-json\/wp\/v2\/media?parent=153791"}],"wp:term":[{"taxonomy":"category","embeddable":true,"href":"https:\/\/www.politicosdosuldabahia.com.br\/v1\/wp-json\/wp\/v2\/categories?post=153791"},{"taxonomy":"post_tag","embeddable":true,"href":"https:\/\/www.politicosdosuldabahia.com.br\/v1\/wp-json\/wp\/v2\/tags?post=153791"}],"curies":[{"name":"wp","href":"https:\/\/api.w.org\/{rel}","templated":true}]}}