
{"id":153699,"date":"2021-09-04T19:59:06","date_gmt":"2021-09-04T22:59:06","guid":{"rendered":"http:\/\/www.politicosdosuldabahia.com.br\/v1\/?p=153699"},"modified":"2021-09-04T19:59:06","modified_gmt":"2021-09-04T22:59:06","slug":"por-determinacao-da-anvisa-bahia-suspende-a-distribuicao-e-uso-de-tres-lotes-da-coronavac-neste-sabado","status":"publish","type":"post","link":"https:\/\/www.politicosdosuldabahia.com.br\/v1\/2021\/09\/04\/por-determinacao-da-anvisa-bahia-suspende-a-distribuicao-e-uso-de-tres-lotes-da-coronavac-neste-sabado\/","title":{"rendered":"POR DETERMINA\u00c7\u00c3O DA ANVISA, BAHIA SUSPENDE A DISTRIBUI\u00c7\u00c3O E USO DE TR\u00caS LOTES DA CORONAVAC NESTE S\u00c1BADO"},"content":{"rendered":"<p><img loading=\"lazy\" decoding=\"async\" class=\"size-full wp-image-152794 aligncenter\" src=\"http:\/\/www.politicosdosuldabahia.com.br\/v1\/wp-content\/uploads\/2021\/08\/Coronavac-360x240.jpg\" alt=\"Coronavac-360x240\" width=\"360\" height=\"240\" srcset=\"https:\/\/www.politicosdosuldabahia.com.br\/v1\/wp-content\/uploads\/2021\/08\/Coronavac-360x240.jpg 360w, https:\/\/www.politicosdosuldabahia.com.br\/v1\/wp-content\/uploads\/2021\/08\/Coronavac-360x240-300x200.jpg 300w\" sizes=\"(max-width: 360px) 100vw, 360px\" \/><\/p>\n<h3 style=\"text-align: justify\">Por determina\u00e7\u00e3o da Ag\u00eancia Nacional de Vigil\u00e2ncia Sanit\u00e1ria (Anvisa), a partir deste s\u00e1bado (4), 42 lotes da vacina Sinovac\/Coronavac est\u00e3o proibidos de serem distribu\u00eddos e utilizados por at\u00e9 90 dias. Deste total, o Minist\u00e9rio da Sa\u00fade j\u00e1 havia distribu\u00eddo 25 lotes para todo o Brasil, sendo tr\u00eas deles recebidos pela Bahia nos dias 27 de julho e 1\u00ba de setembro. A medida cautelar publicada no Di\u00e1rio Oficial da Uni\u00e3o foi motivada pelo envase ter ocorrido em uma planta fabril na China que n\u00e3o foi inspecionada e aprovada para Autoriza\u00e7\u00e3o de Uso Emergencial no Brasil.<\/h3>\n<h3 style=\"text-align: justify\">A Bahia recebeu 575.980 doses da vacina Sinovac\/Coronavac, sendo 571.280 em 1\u00ba de setembro e 4.700 em 27 de julho. Os quantitativos referem-se aos lotes 202107101H, 202107102H e L202106038. Deste total, 234.380 j\u00e1 tinham sido entregues a 294 munic\u00edpios. Todos j\u00e1 foram comunicados para interromper a vacina\u00e7\u00e3o dos lotes espec\u00edficos da Sinovac\/Coronavac.<\/h3>\n<h3 style=\"text-align: justify\">As pessoas imunizadas com estes lotes devem aguardar a orienta\u00e7\u00e3o do Minist\u00e9rio da Sa\u00fade, por meio do Programa Nacional de Imuniza\u00e7\u00f5es (PNI). Em documento enviado \u00e0 Anvisa, o Instituto Butantan assegura que os lotes apontam seguran\u00e7a e qualidade das vacinas produzidas na f\u00e1brica que ainda n\u00e3o foi inspecionada. \u00c9 preciso ressaltar que apenas os lotes especificados n\u00e3o devem ser utilizados. Os demais tem seguran\u00e7a, qualidade e efic\u00e1cia comprovada.<\/h3>\n","protected":false},"excerpt":{"rendered":"<p>Por determina\u00e7\u00e3o da Ag\u00eancia Nacional de Vigil\u00e2ncia Sanit\u00e1ria (Anvisa), a partir deste s\u00e1bado (4), 42 lotes da vacina Sinovac\/Coronavac est\u00e3o proibidos de serem distribu\u00eddos e utilizados por at\u00e9 90 dias. Deste total, o Minist\u00e9rio da Sa\u00fade j\u00e1 havia distribu\u00eddo 25 lotes para todo o Brasil, sendo tr\u00eas deles recebidos pela Bahia nos dias 27 de [&hellip;]<\/p>\n","protected":false},"author":992,"featured_media":0,"comment_status":"open","ping_status":"open","sticky":false,"template":"","format":"standard","meta":{"footnotes":"","_links_to":"","_links_to_target":""},"categories":[14],"tags":[],"class_list":["post-153699","post","type-post","status-publish","format-standard","hentry","category-bahia-geral"],"views":708,"_links":{"self":[{"href":"https:\/\/www.politicosdosuldabahia.com.br\/v1\/wp-json\/wp\/v2\/posts\/153699"}],"collection":[{"href":"https:\/\/www.politicosdosuldabahia.com.br\/v1\/wp-json\/wp\/v2\/posts"}],"about":[{"href":"https:\/\/www.politicosdosuldabahia.com.br\/v1\/wp-json\/wp\/v2\/types\/post"}],"author":[{"embeddable":true,"href":"https:\/\/www.politicosdosuldabahia.com.br\/v1\/wp-json\/wp\/v2\/users\/992"}],"replies":[{"embeddable":true,"href":"https:\/\/www.politicosdosuldabahia.com.br\/v1\/wp-json\/wp\/v2\/comments?post=153699"}],"version-history":[{"count":1,"href":"https:\/\/www.politicosdosuldabahia.com.br\/v1\/wp-json\/wp\/v2\/posts\/153699\/revisions"}],"predecessor-version":[{"id":153700,"href":"https:\/\/www.politicosdosuldabahia.com.br\/v1\/wp-json\/wp\/v2\/posts\/153699\/revisions\/153700"}],"wp:attachment":[{"href":"https:\/\/www.politicosdosuldabahia.com.br\/v1\/wp-json\/wp\/v2\/media?parent=153699"}],"wp:term":[{"taxonomy":"category","embeddable":true,"href":"https:\/\/www.politicosdosuldabahia.com.br\/v1\/wp-json\/wp\/v2\/categories?post=153699"},{"taxonomy":"post_tag","embeddable":true,"href":"https:\/\/www.politicosdosuldabahia.com.br\/v1\/wp-json\/wp\/v2\/tags?post=153699"}],"curies":[{"name":"wp","href":"https:\/\/api.w.org\/{rel}","templated":true}]}}