
{"id":153475,"date":"2021-08-29T17:12:41","date_gmt":"2021-08-29T20:12:41","guid":{"rendered":"http:\/\/www.politicosdosuldabahia.com.br\/v1\/?p=153475"},"modified":"2021-08-29T17:12:41","modified_gmt":"2021-08-29T20:12:41","slug":"oposicao-comemora-punicao-a-via-bahia-e-reclama-de-omissao-de-governos-petistas","status":"publish","type":"post","link":"https:\/\/www.politicosdosuldabahia.com.br\/v1\/2021\/08\/29\/oposicao-comemora-punicao-a-via-bahia-e-reclama-de-omissao-de-governos-petistas\/","title":{"rendered":"OPOSI\u00c7\u00c3O COMEMORA PUNI\u00c7\u00c3O \u00c0 VIA BAHIA E RECLAMA DE OMISS\u00c3O DE GOVERNOS PETISTAS"},"content":{"rendered":"<h3 style=\"text-align: justify\"><img loading=\"lazy\" decoding=\"async\" class=\"wp-image-135736 aligncenter\" src=\"http:\/\/www.politicosdosuldabahia.com.br\/v1\/wp-content\/uploads\/2020\/05\/750_sandro-regis-lider-oposicao-assembleia_202052101317115.jpg\" alt=\"750_sandro-regis-lider-oposicao-assembleia_202052101317115\" width=\"455\" height=\"388\" srcset=\"https:\/\/www.politicosdosuldabahia.com.br\/v1\/wp-content\/uploads\/2020\/05\/750_sandro-regis-lider-oposicao-assembleia_202052101317115.jpg 750w, https:\/\/www.politicosdosuldabahia.com.br\/v1\/wp-content\/uploads\/2020\/05\/750_sandro-regis-lider-oposicao-assembleia_202052101317115-300x256.jpg 300w\" sizes=\"(max-width: 455px) 100vw, 455px\" \/><br \/>\n\u201cCom a redu\u00e7\u00e3o das tarifas dos ped\u00e1gios, finalmente a Via Bahia \u00e9 punida pelos maus servi\u00e7os prestados aos baianos\u201d, comemora o l\u00edder da oposi\u00e7\u00e3o na Assembleia, deputado Sandro R\u00e9gis. Segundo ele, s\u00e3o 12 anos de omiss\u00e3o dos governos petistas, tanto federal quanto estadual, ao descaso dessa concession\u00e1ria com a infraestrutura da Bahia e a seguran\u00e7a de seu povo nas estradas administradas por ela.<\/p>\n<p>Na \u00faltima sexta-feira, o desembargador federal Carlos Augusto Brand\u00e3o derrubou a liminar que suspendera a redu\u00e7\u00e3o das tarifas dos ped\u00e1gios das BRs 324 e 116, e das BAs 526 e 528. A partir de data ainda a ser definida pela Ag\u00eancia Nacional de Transportes Terrestres (ANTT), transitar nessas rodovias ficar\u00e1 mais barato em 14,83%.<\/p>\n<p>\u201cCom certeza, \u00e9 o primeiro passo para legalmente afastar em definitivo essa concession\u00e1ria que presta p\u00e9ssimos servi\u00e7os em importantes estradas de nosso estado\u201d, afirma R\u00e9gis. Ele observa que o ministro Tarc\u00edsio de Freitas, da Infraestrutura, n\u00e3o esconde de ningu\u00e9m o prop\u00f3sito de realizar uma nova licita\u00e7\u00e3o. \u201cSer\u00e1 mais do que justo. A Via Bahia nunca cumpriu devidamente o contrato firmado em 2009, ainda no governo de Lula\u201d.<\/p>\n<p>Para o l\u00edder da oposi\u00e7\u00e3o, precisou o PT sair do governo federal para que fosse tomada alguma atitude contra a Via Bahia. \u201cO governador Rui Costa e a presidenta Dilma jamais se manifestaram contra o descaso da Via Bahia. E agora eles querem repetir de novo a dobradinha Lula e Wagner, os dois que estavam no poder quando a concession\u00e1ria foi contratada. Que o Senhor do Bonfim nos livre de mais esse infort\u00fanio\u201d.<\/h3>\n","protected":false},"excerpt":{"rendered":"<p>\u201cCom a redu\u00e7\u00e3o das tarifas dos ped\u00e1gios, finalmente a Via Bahia \u00e9 punida pelos maus servi\u00e7os prestados aos baianos\u201d, comemora o l\u00edder da oposi\u00e7\u00e3o na Assembleia, deputado Sandro R\u00e9gis. Segundo ele, s\u00e3o 12 anos de omiss\u00e3o dos governos petistas, tanto federal quanto estadual, ao descaso dessa concession\u00e1ria com a infraestrutura da Bahia e a seguran\u00e7a [&hellip;]<\/p>\n","protected":false},"author":992,"featured_media":0,"comment_status":"open","ping_status":"open","sticky":false,"template":"","format":"standard","meta":{"footnotes":"","_links_to":"","_links_to_target":""},"categories":[14],"tags":[],"class_list":["post-153475","post","type-post","status-publish","format-standard","hentry","category-bahia-geral"],"views":623,"_links":{"self":[{"href":"https:\/\/www.politicosdosuldabahia.com.br\/v1\/wp-json\/wp\/v2\/posts\/153475"}],"collection":[{"href":"https:\/\/www.politicosdosuldabahia.com.br\/v1\/wp-json\/wp\/v2\/posts"}],"about":[{"href":"https:\/\/www.politicosdosuldabahia.com.br\/v1\/wp-json\/wp\/v2\/types\/post"}],"author":[{"embeddable":true,"href":"https:\/\/www.politicosdosuldabahia.com.br\/v1\/wp-json\/wp\/v2\/users\/992"}],"replies":[{"embeddable":true,"href":"https:\/\/www.politicosdosuldabahia.com.br\/v1\/wp-json\/wp\/v2\/comments?post=153475"}],"version-history":[{"count":1,"href":"https:\/\/www.politicosdosuldabahia.com.br\/v1\/wp-json\/wp\/v2\/posts\/153475\/revisions"}],"predecessor-version":[{"id":153476,"href":"https:\/\/www.politicosdosuldabahia.com.br\/v1\/wp-json\/wp\/v2\/posts\/153475\/revisions\/153476"}],"wp:attachment":[{"href":"https:\/\/www.politicosdosuldabahia.com.br\/v1\/wp-json\/wp\/v2\/media?parent=153475"}],"wp:term":[{"taxonomy":"category","embeddable":true,"href":"https:\/\/www.politicosdosuldabahia.com.br\/v1\/wp-json\/wp\/v2\/categories?post=153475"},{"taxonomy":"post_tag","embeddable":true,"href":"https:\/\/www.politicosdosuldabahia.com.br\/v1\/wp-json\/wp\/v2\/tags?post=153475"}],"curies":[{"name":"wp","href":"https:\/\/api.w.org\/{rel}","templated":true}]}}