
{"id":153436,"date":"2021-08-27T09:09:28","date_gmt":"2021-08-27T12:09:28","guid":{"rendered":"http:\/\/www.politicosdosuldabahia.com.br\/v1\/?p=153436"},"modified":"2021-08-27T09:10:14","modified_gmt":"2021-08-27T12:10:14","slug":"bahia-zera-icms-para-empresas-de-transporte-intermunicipal-de-passageiros","status":"publish","type":"post","link":"https:\/\/www.politicosdosuldabahia.com.br\/v1\/2021\/08\/27\/bahia-zera-icms-para-empresas-de-transporte-intermunicipal-de-passageiros\/","title":{"rendered":"BAHIA ZERA ICMS PARA EMPRESAS DE TRANSPORTE INTERMUNICIPAL DE PASSAGEIROS"},"content":{"rendered":"<h3 style=\"text-align: justify\">O governo baiano vai reduzir em 100%, at\u00e9 31 de dezembro, a base de c\u00e1lculo do ICMS incidente sobre os bilhetes emitidos pelas empresas de transporte intermunicipal de passageiros, de acordo com decreto assinado pelo governador Rui Costa que sair\u00e1 no Di\u00e1rio Oficial desta sexta-feira (27). A medida busca dar suporte a um dos segmentos mais impactados pela crise sanit\u00e1ria, em fun\u00e7\u00e3o das medidas restritivas de circula\u00e7\u00e3o de pessoas, principalmente em 2020, e da baixa demanda ainda registrada.<\/h3>\n<h3 style=\"text-align: justify\">A Bahia j\u00e1 reduz a base de c\u00e1lculo do ICMS nessas presta\u00e7\u00f5es de servi\u00e7o em 80%, adotando assim a carga tribut\u00e1ria de 3,6%. A perda de arrecada\u00e7\u00e3o estimada com a decis\u00e3o de zerar temporariamente a cobran\u00e7a do imposto, de acordo com a Secretaria da Fazenda do Estado (Sefaz-Ba), \u00e9 de R$ 10 milh\u00f5es.<\/h3>\n<h3 style=\"text-align: justify\">A medida pleiteada pela Abemtro &#8211; Associa\u00e7\u00e3o das Empresas de Transporte Coletivo Rodovi\u00e1rio do Estado da Bahia tornou-se poss\u00edvel por conta da ades\u00e3o do governo baiano ao Conv\u00eanio ICMS 53\/21, celebrado em abril no \u00e2mbito do Confaz \u2013 Conselho Nacional de Pol\u00edtica Fazend\u00e1ria.<\/h3>\n<h3 style=\"text-align: justify\">\u201cO incentivo \u00e9 importante porque o setor de transporte intermunicipal de passageiros tem enfrentado s\u00e9rias dificuldades financeiras com o prolongamento da crise sanit\u00e1ria\u201d, afirma o governador Rui Costa.<\/h3>\n<h3 style=\"text-align: justify\">Estado Solid\u00e1rio<\/h3>\n<h3 style=\"text-align: justify\">O secret\u00e1rio da Fazenda, Manoel Vit\u00f3rio, lembra que a Bahia j\u00e1 vem adotando, no \u00e2mbito do Programa Estado Solid\u00e1rio, um s\u00e9rie de a\u00e7\u00f5es destinadas a apoiar segmentos econ\u00f4micos e sociais afetados pela pandemia.<br \/>\nS\u00e3o exemplos de a\u00e7\u00f5es j\u00e1 implementadas por meio do Programa Estado Solid\u00e1rio o pagamento de vale alimenta\u00e7\u00e3o e bolsa presen\u00e7a para estudantes em situa\u00e7\u00e3o de vulnerabilidade econ\u00f4mica, a isen\u00e7\u00e3o do pagamento de contas de \u00e1gua para fam\u00edlias de baixa renda, a prorroga\u00e7\u00e3o do pagamento do IPVA para transporte escolar, de turismo e de autoescolas em 2020 e 2021, a prorroga\u00e7\u00e3o e parcelamento do ICMS de mar\u00e7o e abril de 2021 e a implementa\u00e7\u00e3o de linha especial de microcr\u00e9dito para microempreendedores formais e informais.<\/h3>\n","protected":false},"excerpt":{"rendered":"<p>O governo baiano vai reduzir em 100%, at\u00e9 31 de dezembro, a base de c\u00e1lculo do ICMS incidente sobre os bilhetes emitidos pelas empresas de transporte intermunicipal de passageiros, de acordo com decreto assinado pelo governador Rui Costa que sair\u00e1 no Di\u00e1rio Oficial desta sexta-feira (27). A medida busca dar suporte a um dos segmentos [&hellip;]<\/p>\n","protected":false},"author":992,"featured_media":0,"comment_status":"open","ping_status":"open","sticky":false,"template":"","format":"standard","meta":{"footnotes":"","_links_to":"","_links_to_target":""},"categories":[14],"tags":[],"class_list":["post-153436","post","type-post","status-publish","format-standard","hentry","category-bahia-geral"],"views":603,"_links":{"self":[{"href":"https:\/\/www.politicosdosuldabahia.com.br\/v1\/wp-json\/wp\/v2\/posts\/153436"}],"collection":[{"href":"https:\/\/www.politicosdosuldabahia.com.br\/v1\/wp-json\/wp\/v2\/posts"}],"about":[{"href":"https:\/\/www.politicosdosuldabahia.com.br\/v1\/wp-json\/wp\/v2\/types\/post"}],"author":[{"embeddable":true,"href":"https:\/\/www.politicosdosuldabahia.com.br\/v1\/wp-json\/wp\/v2\/users\/992"}],"replies":[{"embeddable":true,"href":"https:\/\/www.politicosdosuldabahia.com.br\/v1\/wp-json\/wp\/v2\/comments?post=153436"}],"version-history":[{"count":2,"href":"https:\/\/www.politicosdosuldabahia.com.br\/v1\/wp-json\/wp\/v2\/posts\/153436\/revisions"}],"predecessor-version":[{"id":153439,"href":"https:\/\/www.politicosdosuldabahia.com.br\/v1\/wp-json\/wp\/v2\/posts\/153436\/revisions\/153439"}],"wp:attachment":[{"href":"https:\/\/www.politicosdosuldabahia.com.br\/v1\/wp-json\/wp\/v2\/media?parent=153436"}],"wp:term":[{"taxonomy":"category","embeddable":true,"href":"https:\/\/www.politicosdosuldabahia.com.br\/v1\/wp-json\/wp\/v2\/categories?post=153436"},{"taxonomy":"post_tag","embeddable":true,"href":"https:\/\/www.politicosdosuldabahia.com.br\/v1\/wp-json\/wp\/v2\/tags?post=153436"}],"curies":[{"name":"wp","href":"https:\/\/api.w.org\/{rel}","templated":true}]}}