
{"id":153233,"date":"2021-08-20T14:04:29","date_gmt":"2021-08-20T17:04:29","guid":{"rendered":"http:\/\/www.politicosdosuldabahia.com.br\/v1\/?p=153233"},"modified":"2021-08-20T14:04:29","modified_gmt":"2021-08-20T17:04:29","slug":"governo-do-estado-lanca-projeto-para-atender-600-microempreendedoras-baianas","status":"publish","type":"post","link":"https:\/\/www.politicosdosuldabahia.com.br\/v1\/2021\/08\/20\/governo-do-estado-lanca-projeto-para-atender-600-microempreendedoras-baianas\/","title":{"rendered":"GOVERNO DO ESTADO LAN\u00c7A PROJETO PARA ATENDER 600 MICROEMPREENDEDORAS BAIANAS"},"content":{"rendered":"<h3 style=\"text-align: justify\"><img loading=\"lazy\" decoding=\"async\" class=\"size-full wp-image-153234 aligncenter\" src=\"http:\/\/www.politicosdosuldabahia.com.br\/v1\/wp-content\/uploads\/2021\/08\/WhatsApp-Image-2021-08-19-at-13.02.00.jpeg\" alt=\"WhatsApp Image 2021-08-19 at 13.02.00\" width=\"455\" height=\"303\" srcset=\"https:\/\/www.politicosdosuldabahia.com.br\/v1\/wp-content\/uploads\/2021\/08\/WhatsApp-Image-2021-08-19-at-13.02.00.jpeg 455w, https:\/\/www.politicosdosuldabahia.com.br\/v1\/wp-content\/uploads\/2021\/08\/WhatsApp-Image-2021-08-19-at-13.02.00-300x200.jpeg 300w\" sizes=\"(max-width: 455px) 100vw, 455px\" \/><\/h3>\n<h3 style=\"text-align: justify\">O Governo do Estado lan\u00e7ou, nesta quinta-feira (19), um projeto para fortalecer a atua\u00e7\u00e3o de 600 mulheres empreendedoras de Salvador, Lauro de Freitas, Alagoinhas e Itabuna. O Rede de Mulheres Empreendedoras \u00e9 coordenado pelas secretarias do Trabalho, Emprego, Renda e Esporte (Setre) e de Pol\u00edticas para as Mulheres (SPM), e conta com investimento de mais de R$ 200 mil oriundos do Fundo Estadual de Combate e Erradica\u00e7\u00e3o \u00e0 Pobreza (Funcep).<\/h3>\n<h3 style=\"text-align: justify\">A iniciativa vai oferecer capacita\u00e7\u00e3o orientada para o empreendedorismo das mulheres, fortalecendo neg\u00f3cios locais com gest\u00e3o feminina, al\u00e9m de contribuir para a formaliza\u00e7\u00e3o da atividade de micro e pequenas empreendedoras individuais.<\/h3>\n<h3 style=\"text-align: justify\">A capacita\u00e7\u00e3o ter\u00e1 carga hor\u00e1ria de 8 horas e deve ser iniciada na segunda semana de setembro. Para a capital ser\u00e3o disponibilizadas 300 vagas. J\u00e1 para Lauro de Freitas, Itabuna e Alagoinhas estar\u00e3o dispon\u00edveis 100 vagas para cada munic\u00edpio. A sele\u00e7\u00e3o deve ser realizada por meio de mobiliza\u00e7\u00e3o local dos \u00f3rg\u00e3os envolvidos.<\/h3>\n<h3 style=\"text-align: justify\">Na sele\u00e7\u00e3o, ser\u00e3o priorizadas as mulheres em situa\u00e7\u00e3o de vulnerabilidade, como mulheres em situa\u00e7\u00e3o de viol\u00eancia e chefes de fam\u00edlia monoparental. \u201cEsse projeto \u00e9 voltado \u00e0 qualifica\u00e7\u00e3o para que estas empreendedoras tenham uma inser\u00e7\u00e3o melhor no mercado de trabalho. A prioridade \u00e9 para as mulheres que criam seus filhos sozinhas. A gente considera que este \u00e9 um segmento muito importante e a SPM tem impulsionado a necessidade de pol\u00edticas p\u00fablicas. O foco \u00e9 a qualifica\u00e7\u00e3o dessas mulheres\u201d, pontuou a secret\u00e1ria estadual de Pol\u00edticas para as Mulheres, Julieta Palmeira.<\/h3>\n<h3 style=\"text-align: justify\">As beneficiadas ter\u00e3o acesso \u00e0 oficina de gest\u00e3o em pequenos neg\u00f3cios, por meio da imers\u00e3o em conte\u00fados financeiros, operacionais, administrativos e relacionados \u00e0 formaliza\u00e7\u00e3o, al\u00e9m de orienta\u00e7\u00f5es sobre cria\u00e7\u00e3o de rede solid\u00e1ria de empreendedoras locais.<\/h3>\n<h3 style=\"text-align: justify\">De acordo com o Sebrae, a Bahia possui 500 mil empreendedoras, o que representa 6% do total de empreendedoras do pa\u00eds. Desse n\u00famero no estado, 57% s\u00e3o chefes de domic\u00edlio e 82% ganham at\u00e9 um sal\u00e1rio m\u00ednimo.<\/h3>\n<h3 style=\"text-align: justify\">O titular da Setre, Davidson Magalh\u00e3es, destacou que, dos mais de 18 mil micro e pequenos empreendedores formais ou informais beneficiados pelo Programa de Microcr\u00e9dito do Estado da Bahia (CrediBahia), de janeiro de 2019 a junho de 2021, 12.420 (67%) s\u00e3o mulheres. \u201cDurante a pandemia cresceu muito o empreendedorismo feminino como forma de manuten\u00e7\u00e3o das fam\u00edlias. Essa integra\u00e7\u00e3o das duas secretarias visa dar uma consist\u00eancia maior aos pequenos neg\u00f3cios que j\u00e1 existem na Bahia. S\u00e3o pol\u00edticas que se somam para o empoderamento da mulher e ao mesmo tempo gerar emprego e renda\u201d.<\/h3>\n","protected":false},"excerpt":{"rendered":"<p>O Governo do Estado lan\u00e7ou, nesta quinta-feira (19), um projeto para fortalecer a atua\u00e7\u00e3o de 600 mulheres empreendedoras de Salvador, Lauro de Freitas, Alagoinhas e Itabuna. O Rede de Mulheres Empreendedoras \u00e9 coordenado pelas secretarias do Trabalho, Emprego, Renda e Esporte (Setre) e de Pol\u00edticas para as Mulheres (SPM), e conta com investimento de mais [&hellip;]<\/p>\n","protected":false},"author":992,"featured_media":0,"comment_status":"open","ping_status":"open","sticky":false,"template":"","format":"standard","meta":{"footnotes":"","_links_to":"","_links_to_target":""},"categories":[14],"tags":[],"class_list":["post-153233","post","type-post","status-publish","format-standard","hentry","category-bahia-geral"],"views":596,"_links":{"self":[{"href":"https:\/\/www.politicosdosuldabahia.com.br\/v1\/wp-json\/wp\/v2\/posts\/153233"}],"collection":[{"href":"https:\/\/www.politicosdosuldabahia.com.br\/v1\/wp-json\/wp\/v2\/posts"}],"about":[{"href":"https:\/\/www.politicosdosuldabahia.com.br\/v1\/wp-json\/wp\/v2\/types\/post"}],"author":[{"embeddable":true,"href":"https:\/\/www.politicosdosuldabahia.com.br\/v1\/wp-json\/wp\/v2\/users\/992"}],"replies":[{"embeddable":true,"href":"https:\/\/www.politicosdosuldabahia.com.br\/v1\/wp-json\/wp\/v2\/comments?post=153233"}],"version-history":[{"count":1,"href":"https:\/\/www.politicosdosuldabahia.com.br\/v1\/wp-json\/wp\/v2\/posts\/153233\/revisions"}],"predecessor-version":[{"id":153235,"href":"https:\/\/www.politicosdosuldabahia.com.br\/v1\/wp-json\/wp\/v2\/posts\/153233\/revisions\/153235"}],"wp:attachment":[{"href":"https:\/\/www.politicosdosuldabahia.com.br\/v1\/wp-json\/wp\/v2\/media?parent=153233"}],"wp:term":[{"taxonomy":"category","embeddable":true,"href":"https:\/\/www.politicosdosuldabahia.com.br\/v1\/wp-json\/wp\/v2\/categories?post=153233"},{"taxonomy":"post_tag","embeddable":true,"href":"https:\/\/www.politicosdosuldabahia.com.br\/v1\/wp-json\/wp\/v2\/tags?post=153233"}],"curies":[{"name":"wp","href":"https:\/\/api.w.org\/{rel}","templated":true}]}}