
{"id":152679,"date":"2021-08-05T22:13:12","date_gmt":"2021-08-06T01:13:12","guid":{"rendered":"http:\/\/www.politicosdosuldabahia.com.br\/v1\/?p=152679"},"modified":"2021-08-05T22:13:12","modified_gmt":"2021-08-06T01:13:12","slug":"novo-decreto-estadual-mantem-proibicao-de-shows-e-festas-mas-suspende-toque-de-recolher-na-bahia","status":"publish","type":"post","link":"https:\/\/www.politicosdosuldabahia.com.br\/v1\/2021\/08\/05\/novo-decreto-estadual-mantem-proibicao-de-shows-e-festas-mas-suspende-toque-de-recolher-na-bahia\/","title":{"rendered":"NOVO DECRETO ESTADUAL MANT\u00c9M PROIBI\u00c7\u00c3O DE SHOWS E FESTAS, MAS SUSPENDE TOQUE DE RECOLHER NA BAHIA"},"content":{"rendered":"<h3 style=\"text-align: justify\"><img loading=\"lazy\" decoding=\"async\" class=\"wp-image-152680 aligncenter\" src=\"http:\/\/www.politicosdosuldabahia.com.br\/v1\/wp-content\/uploads\/2021\/08\/Rui-Costa.jpg\" alt=\"Rui-Costa\" width=\"455\" height=\"255\" \/><br \/>\nO Governo do Estado publica nesta sexta-feira (6) um novo decreto que estabelece medidas relacionadas ao enfrentamento da pandemia do novo coronav\u00edrus, flexibilizando algumas atividades, de acordo com a taxa de ocupa\u00e7\u00e3o de leitos de UTI Covid. O novo decreto n\u00e3o estabelece mais a restri\u00e7\u00e3o de locomo\u00e7\u00e3o noturna, conhecida como toque de recolher.<\/h3>\n<h3 style=\"text-align: justify\">De acordo com o decreto n\u00b0 20.623, que passa a vigorar a partir desta sexta, ficam autorizados, at\u00e9 17 de agosto de 2021, os eventos e atividades com a presen\u00e7a de p\u00fablico de at\u00e9 300 pessoas, tais como: cerim\u00f4nias de casamento, eventos urbanos e rurais em logradouros p\u00fablicos ou privados, circos, parques de exposi\u00e7\u00f5es, solenidades de formatura, passeatas e afins, funcionamento de zool\u00f3gicos, museus, teatros e afins. Esta libera\u00e7\u00e3o n\u00e3o inclui a realiza\u00e7\u00e3o de shows e festas.<\/h3>\n<h3 style=\"text-align: justify\">Nos munic\u00edpios integrantes de Regi\u00e3o de Sa\u00fade em que a taxa de ocupa\u00e7\u00e3o de leitos de UTI COVID se mantenha, por cinco dias consecutivos, superior a 60%, eventos e atividades poder\u00e3o acontecer com p\u00fablico de at\u00e9 100 pessoas. Eventos esportivos em todo o estado continuam a acontecer, por\u00e9m sem a presen\u00e7a de p\u00fablico.<\/h3>\n<h3 style=\"text-align: justify\">Os espa\u00e7os culturais como cinemas e teatros devem funcionar obedecendo a limita\u00e7\u00e3o de 50% da capacidade do local. J\u00e1 a lota\u00e7\u00e3o permitida em estabelecimentos comerciais, de servi\u00e7os e financeiro, como mercados e afins, dever\u00e1 ser definida em ato editado por cada munic\u00edpio, considerado o tamanho do espa\u00e7o f\u00edsico, com o objetivo de evitar aglomera\u00e7\u00f5es.<\/h3>\n<h3 style=\"text-align: justify\">O decreto manteve a orienta\u00e7\u00e3o em rela\u00e7\u00e3o \u00e0s aulas. As atividades letivas, nas unidades de ensino, p\u00fablicas e particulares, poder\u00e3o ocorrer de forma semipresencial nos munic\u00edpios integrantes de Regi\u00e3o de Sa\u00fade em que a taxa de ocupa\u00e7\u00e3o de leitos de UTI COVID se mantenha, por cinco dias consecutivos, igual ou inferior a 75%, obedecendo a ocupa\u00e7\u00e3o de 50% da capacidade das salas de aula.<\/h3>\n","protected":false},"excerpt":{"rendered":"<p>O Governo do Estado publica nesta sexta-feira (6) um novo decreto que estabelece medidas relacionadas ao enfrentamento da pandemia do novo coronav\u00edrus, flexibilizando algumas atividades, de acordo com a taxa de ocupa\u00e7\u00e3o de leitos de UTI Covid. O novo decreto n\u00e3o estabelece mais a restri\u00e7\u00e3o de locomo\u00e7\u00e3o noturna, conhecida como toque de recolher. De acordo [&hellip;]<\/p>\n","protected":false},"author":992,"featured_media":0,"comment_status":"open","ping_status":"open","sticky":false,"template":"","format":"standard","meta":{"footnotes":"","_links_to":"","_links_to_target":""},"categories":[14],"tags":[],"class_list":["post-152679","post","type-post","status-publish","format-standard","hentry","category-bahia-geral"],"views":700,"_links":{"self":[{"href":"https:\/\/www.politicosdosuldabahia.com.br\/v1\/wp-json\/wp\/v2\/posts\/152679"}],"collection":[{"href":"https:\/\/www.politicosdosuldabahia.com.br\/v1\/wp-json\/wp\/v2\/posts"}],"about":[{"href":"https:\/\/www.politicosdosuldabahia.com.br\/v1\/wp-json\/wp\/v2\/types\/post"}],"author":[{"embeddable":true,"href":"https:\/\/www.politicosdosuldabahia.com.br\/v1\/wp-json\/wp\/v2\/users\/992"}],"replies":[{"embeddable":true,"href":"https:\/\/www.politicosdosuldabahia.com.br\/v1\/wp-json\/wp\/v2\/comments?post=152679"}],"version-history":[{"count":1,"href":"https:\/\/www.politicosdosuldabahia.com.br\/v1\/wp-json\/wp\/v2\/posts\/152679\/revisions"}],"predecessor-version":[{"id":152681,"href":"https:\/\/www.politicosdosuldabahia.com.br\/v1\/wp-json\/wp\/v2\/posts\/152679\/revisions\/152681"}],"wp:attachment":[{"href":"https:\/\/www.politicosdosuldabahia.com.br\/v1\/wp-json\/wp\/v2\/media?parent=152679"}],"wp:term":[{"taxonomy":"category","embeddable":true,"href":"https:\/\/www.politicosdosuldabahia.com.br\/v1\/wp-json\/wp\/v2\/categories?post=152679"},{"taxonomy":"post_tag","embeddable":true,"href":"https:\/\/www.politicosdosuldabahia.com.br\/v1\/wp-json\/wp\/v2\/tags?post=152679"}],"curies":[{"name":"wp","href":"https:\/\/api.w.org\/{rel}","templated":true}]}}