
{"id":152494,"date":"2021-08-02T11:57:12","date_gmt":"2021-08-02T14:57:12","guid":{"rendered":"http:\/\/www.politicosdosuldabahia.com.br\/v1\/?p=152494"},"modified":"2021-08-02T11:57:12","modified_gmt":"2021-08-02T14:57:12","slug":"sul-bahia-corredores-de-oportunidades","status":"publish","type":"post","link":"https:\/\/www.politicosdosuldabahia.com.br\/v1\/2021\/08\/02\/sul-bahia-corredores-de-oportunidades\/","title":{"rendered":"SUL BAHIA, CORREDORES DE OPORTUNIDADES!"},"content":{"rendered":"<p style=\"font-weight: 400\">\n<p style=\"font-weight: 400\"><strong>\u00a0<img loading=\"lazy\" decoding=\"async\" class=\"aligncenter wp-image-152495\" src=\"http:\/\/www.politicosdosuldabahia.com.br\/v1\/wp-content\/uploads\/2021\/08\/Foto-Luciano-Veiga.jpg\" alt=\"Foto Luciano Veiga\" width=\"309\" height=\"455\" srcset=\"https:\/\/www.politicosdosuldabahia.com.br\/v1\/wp-content\/uploads\/2021\/08\/Foto-Luciano-Veiga.jpg 488w, https:\/\/www.politicosdosuldabahia.com.br\/v1\/wp-content\/uploads\/2021\/08\/Foto-Luciano-Veiga-204x300.jpg 204w\" sizes=\"(max-width: 309px) 100vw, 309px\" \/><\/strong><\/p>\n<h4 style=\"font-weight: 400;text-align: justify\"><strong>Luciano Robson Rodrigues Veiga*<\/strong><\/h4>\n<h3 style=\"font-weight: 400;text-align: justify\">A Regi\u00e3o Sul da Bahia vem se consolidando como uma regi\u00e3o com fortes corredores de oportunidades. O seu CAVALETE MODAL, composto por: Porto, Aeroporto, Rodovias e Ferrovia (em forma\u00e7\u00e3o), permitir\u00e1 o desenvolvimento de novos empreendimentos, em especial nos segmentos industriais e log\u00edsticos, que poder\u00e3o obedecer uma nova ordem de distribui\u00e7\u00e3o e escala, com a participa\u00e7\u00e3o de diversos munic\u00edpios criando unidades de industrializa\u00e7\u00e3o e log\u00edsticas atrav\u00e9s de um dos seus p\u00e9s modais, a exemplo da Rodovia BR 101, o Territ\u00f3rio Litoral Sul tem ao longo desta Rodovia 15 munic\u00edpios dos seus 26 que o comp\u00f5em.<\/h3>\n<h3 style=\"font-weight: 400;text-align: justify\">\u00c9 poss\u00edvel criar P\u00f3los Industriais e Log\u00edsticos \u00e0s margens da Rodovia BR 101 em cada um dos 15 munic\u00edpios, abra\u00e7ando modais diversos, em forma de clusters com concentra\u00e7\u00e3o de empresas que se comunicam por possu\u00edrem caracter\u00edsticas semelhantes, modalidades consorciadas, integradas e complementares. Se juntar\u00e3o aos equipamentos modais existentes, os aeroportos de Ilh\u00e9us, Una (Comandatuba) e Canavieiras, porto, ferrovia Leste-Oeste em constru\u00e7\u00e3o.<\/h3>\n<h3 style=\"font-weight: 400;text-align: justify\">Somar estes elementos modais ao nosso principal ativo, o meio ambiente diverso, Mata Atl\u00e2ntica, costa litor\u00e2nea e outros. A jun\u00e7\u00e3o entre o mar e a mata, do azul do mar ao verde das matas, nos leva a pensar e planejar um novo amanh\u00e3, onde os princ\u00edpios da sustentabilidade, nos garantir\u00e1 o presente e o futuro, com base em um desenvolvimento estrat\u00e9gico, que exigir\u00e1 uma alian\u00e7a entre p\u00fablico e privado.<\/h3>\n<h3 style=\"font-weight: 400;text-align: justify\">Os elementos propositivos trazidos, exigir\u00e1 o envolvimento das lideran\u00e7as regionais na constru\u00e7\u00e3o e forma\u00e7\u00e3o de uma C\u00e2mara T\u00e9cnica e Pol\u00edtica de Desenvolvimento Sustent\u00e1vel do Sul da Bahia, objetivando planejar o seu presente e desenhar o seu futuro, garantido a equidade das a\u00e7\u00f5es, trazendo para si o protagonismo, sendo porto e farol do seu destino. Parece \u00f3bvia a frase ser dono do seu destino, mas, infelizmente, o que sentimos \u00e9 a capital centro do poder, apontar, planejar e decidir o nosso futuro, sem percep\u00e7\u00e3o do olhar da nossa hist\u00f3ria e cultura.<\/h3>\n<h3 style=\"font-weight: 400;text-align: justify\">Construir novos trilhos de desenvolvimento passar\u00e1 pela interpreta\u00e7\u00e3o do seu cavalete modal em sintonia com a sua cultura, meio ambiente e desejo do seu povo. Romper com estes elementos, impondo projetos e desejos de outrem, nos levar\u00e1 a um desenvolvimento sem identidade, deslocado do nosso querer e ser, tornando-nos coadjuvantes sem brilho, sem luz, sufocado por um desenvolvimento indesejado, que nos ser\u00e1 muito caro.<\/h3>\n<h3 style=\"font-weight: 400;text-align: justify\">Os corredores de oportunidade do sul da Bahia precisam ser pavimentados. Os horizontes que nos abre nos enche de responsabilidade, precisamos acertar, nos tornar metropolitano, associar e consorciar a\u00e7\u00f5es, dividir protagonismo, lideran\u00e7a, sermos plural no pensar e agir, quebrar paradigmas da cultura do EU.<\/h3>\n<h3 style=\"font-weight: 400;text-align: justify\">O cavalete modal nos dar\u00e1 a r\u00e9gua e o compasso. Ser\u00e1 o farol de um novo tempo, por\u00e9m, caber\u00e1 ao nosso povo, com participa\u00e7\u00e3o social ativa, conjuntamente com \u00e0s lideran\u00e7as pol\u00edticas e privadas, corrigir o seu presente e escrever o seu futuro.<\/h3>\n<h4 style=\"font-weight: 400;text-align: justify\"><strong>Luciano Robson Rodrigues Veiga\u00a0<\/strong>\u00e9 Advogado, Administrador, Especialista em Planejamento de Cidades (UESC), Especialista em Gest\u00e3o do Desenvolvimento Territorial &#8211; MSA (UFBA).<\/h4>\n","protected":false},"excerpt":{"rendered":"<p>\u00a0 Luciano Robson Rodrigues Veiga* A Regi\u00e3o Sul da Bahia vem se consolidando como uma regi\u00e3o com fortes corredores de oportunidades. O seu CAVALETE MODAL, composto por: Porto, Aeroporto, Rodovias e Ferrovia (em forma\u00e7\u00e3o), permitir\u00e1 o desenvolvimento de novos empreendimentos, em especial nos segmentos industriais e log\u00edsticos, que poder\u00e3o obedecer uma nova ordem de distribui\u00e7\u00e3o [&hellip;]<\/p>\n","protected":false},"author":992,"featured_media":0,"comment_status":"open","ping_status":"open","sticky":false,"template":"","format":"standard","meta":{"footnotes":"","_links_to":"","_links_to_target":""},"categories":[14],"tags":[],"class_list":["post-152494","post","type-post","status-publish","format-standard","hentry","category-bahia-geral"],"views":776,"_links":{"self":[{"href":"https:\/\/www.politicosdosuldabahia.com.br\/v1\/wp-json\/wp\/v2\/posts\/152494"}],"collection":[{"href":"https:\/\/www.politicosdosuldabahia.com.br\/v1\/wp-json\/wp\/v2\/posts"}],"about":[{"href":"https:\/\/www.politicosdosuldabahia.com.br\/v1\/wp-json\/wp\/v2\/types\/post"}],"author":[{"embeddable":true,"href":"https:\/\/www.politicosdosuldabahia.com.br\/v1\/wp-json\/wp\/v2\/users\/992"}],"replies":[{"embeddable":true,"href":"https:\/\/www.politicosdosuldabahia.com.br\/v1\/wp-json\/wp\/v2\/comments?post=152494"}],"version-history":[{"count":1,"href":"https:\/\/www.politicosdosuldabahia.com.br\/v1\/wp-json\/wp\/v2\/posts\/152494\/revisions"}],"predecessor-version":[{"id":152496,"href":"https:\/\/www.politicosdosuldabahia.com.br\/v1\/wp-json\/wp\/v2\/posts\/152494\/revisions\/152496"}],"wp:attachment":[{"href":"https:\/\/www.politicosdosuldabahia.com.br\/v1\/wp-json\/wp\/v2\/media?parent=152494"}],"wp:term":[{"taxonomy":"category","embeddable":true,"href":"https:\/\/www.politicosdosuldabahia.com.br\/v1\/wp-json\/wp\/v2\/categories?post=152494"},{"taxonomy":"post_tag","embeddable":true,"href":"https:\/\/www.politicosdosuldabahia.com.br\/v1\/wp-json\/wp\/v2\/tags?post=152494"}],"curies":[{"name":"wp","href":"https:\/\/api.w.org\/{rel}","templated":true}]}}