
{"id":152362,"date":"2021-07-29T13:17:19","date_gmt":"2021-07-29T16:17:19","guid":{"rendered":"http:\/\/www.politicosdosuldabahia.com.br\/v1\/?p=152362"},"modified":"2021-07-29T13:17:19","modified_gmt":"2021-07-29T16:17:19","slug":"regiao-de-campo-formoso-tem-potencial-produtivo-enorme-diz-acm-neto","status":"publish","type":"post","link":"https:\/\/www.politicosdosuldabahia.com.br\/v1\/2021\/07\/29\/regiao-de-campo-formoso-tem-potencial-produtivo-enorme-diz-acm-neto\/","title":{"rendered":"&#8216;REGI\u00c3O DE CAMPO FORMOSO TEM POTENCIAL PRODUTIVO ENORME&#8221;, DIZ ACM NETO"},"content":{"rendered":"<h4 style=\"text-align: center\"><img loading=\"lazy\" decoding=\"async\" class=\"alignnone wp-image-152363\" src=\"http:\/\/www.politicosdosuldabahia.com.br\/v1\/wp-content\/uploads\/2021\/07\/WhatsApp-Image-2021-07-29-at-10.56.05.jpeg\" alt=\"WhatsApp Image 2021-07-29 at 10.56.05\" width=\"303\" height=\"455\" \/><\/h4>\n<h4 style=\"text-align: center\"><strong><em>Presidente nacional do Democratas realiza mais uma edi\u00e7\u00e3o do &#8216;Pela Bahia&#8217;, desta vez no munic\u00edpio do Centro Norte do estado<\/em><\/strong><\/h4>\n<p>&nbsp;<\/p>\n<h3 style=\"text-align: justify\">O presidente nacional do Democratas, ACM Neto, afirmou nesta quarta-feira (28) que a regi\u00e3o de Campo Formoso, munic\u00edpio do Centro Norte do estado, tem um potencial produtivo enorme, durante a quarta edi\u00e7\u00e3o do movimento &#8220;Pela Bahia&#8221;. Na cidade, que completa nesta quarta 141 anos de emancipa\u00e7\u00e3o pol\u00edtica, Neto foi recebido pelo prefeito Elmo Nascimento (Democratas) e foi acompanhado pelo deputado federal Elmar Nascimento.<\/h3>\n<h3 style=\"text-align: justify\">&#8220;Hoje e amanh\u00e3 vamos conversar com as pessoas, discutindo desafios para o povo da Bahia, numa regi\u00e3o que tem um potencial produtivo enorme e certamente vai fazer toda a diferen\u00e7a no futuro do nosso estado&#8221;, afirmou ACM Neto, ao refor\u00e7ar mais uma vez seu desejo de disputar o governo do estado nas elei\u00e7\u00f5es do pr\u00f3ximo.<\/h3>\n<h3 style=\"text-align: justify\">&#8220;Eu n\u00e3o tenho escondido o meu enorme desejo de construir uma candidatura ao Governo do Estado da Bahia no ano que vem. N\u00e3o disputarei nenhum outro cargo ano que vem a n\u00e3o ser o de governador. Portanto, este \u00e9 o \u00fanico caminho. Agora, na hora certa vamos confirmar uma candidatura, respeitando o tempo certo das coisas e a vida das pessoas, que ainda est\u00e3o vivendo essa situa\u00e7\u00e3o de pandemia&#8221;, acrescentou.<\/h3>\n<h3 style=\"text-align: justify\">Neto voltou a destacar a necessidade de um olhar para o desenvolvimento regional da Bahia e da mudan\u00e7a na matriz econ\u00f4mica do estado. &#8220;Quando a gente olha para o futuro da Bahia, a gente pode projetar no futuro conquistas muito importantes, sobretudo podemos mudar o patamar econ\u00f4mico, trazendo novas oportunidades de emprego, de crescimento para os nossos jovens, desenvolvimento para as regi\u00f5es da Bahia, melhoria nos servi\u00e7os p\u00fablicos, um estado mais seguro, que volte a ser l\u00edder no Brasil, que seja visto conhecido como exemplo de gest\u00e3o p\u00fablica&#8221;, salientou.<\/h3>\n<h3 style=\"text-align: justify\">O presidente do Democratas comentou sobre o modelo de sua gest\u00e3o em Salvador, que foi finalizada em 2020 com aprova\u00e7\u00e3o superior a 80%. Al\u00e9m disso, a capital baiana elegeu como sucessor o prefeito Bruno Reis (Democratas), eleito com vota\u00e7\u00e3o recorde entre as capitais. &#8220;Salvador \u00e9 um pouco do jeito do nosso partido, do nosso grupo pol\u00edtico de governar. Uma gest\u00e3o focada em resultados, que procura fazer o m\u00e1ximo pelas pessoas, que procura traduzir o sentimento e o desejo do povo&#8221;, complementou.<\/h3>\n<h3 style=\"text-align: justify\">Ele tamb\u00e9m reafirmou a posi\u00e7\u00e3o de independ\u00eancia do Democratas no cen\u00e1rio nacional. &#8220;N\u00f3s apoiamos as boas agendas do Brasil, aquelas agendas que dialogam com reformas econ\u00f4micas, que traduzem a vontade da popula\u00e7\u00e3o. A gente apoia aquelas medidas que consideramos corretas, mas criticamos quando \u00e9 necess\u00e1rio criticar&#8221;, disse.<\/h3>\n<h3 style=\"text-align: justify\">&#8220;Eu mesmo nesse per\u00edodo da pandemia apontei, na minha opini\u00e3o, v\u00e1rios erros na condu\u00e7\u00e3o por parte do atual governo federal. Coisas que podiam ter sido conduzidas de outra forma. A gente v\u00ea, por exemplo, a vacina\u00e7\u00e3o avan\u00e7ando, mas podia j\u00e1 estar em outro patamar no pa\u00eds. O principal caminho que n\u00f3s temos de supera\u00e7\u00e3o da pandemia \u00e9 com vacina para todos&#8221;, acrescentou.<\/h3>\n","protected":false},"excerpt":{"rendered":"<p>Presidente nacional do Democratas realiza mais uma edi\u00e7\u00e3o do &#8216;Pela Bahia&#8217;, desta vez no munic\u00edpio do Centro Norte do estado &nbsp; O presidente nacional do Democratas, ACM Neto, afirmou nesta quarta-feira (28) que a regi\u00e3o de Campo Formoso, munic\u00edpio do Centro Norte do estado, tem um potencial produtivo enorme, durante a quarta edi\u00e7\u00e3o do movimento [&hellip;]<\/p>\n","protected":false},"author":992,"featured_media":0,"comment_status":"open","ping_status":"open","sticky":false,"template":"","format":"standard","meta":{"footnotes":"","_links_to":"","_links_to_target":""},"categories":[14],"tags":[],"class_list":["post-152362","post","type-post","status-publish","format-standard","hentry","category-bahia-geral"],"views":790,"_links":{"self":[{"href":"https:\/\/www.politicosdosuldabahia.com.br\/v1\/wp-json\/wp\/v2\/posts\/152362"}],"collection":[{"href":"https:\/\/www.politicosdosuldabahia.com.br\/v1\/wp-json\/wp\/v2\/posts"}],"about":[{"href":"https:\/\/www.politicosdosuldabahia.com.br\/v1\/wp-json\/wp\/v2\/types\/post"}],"author":[{"embeddable":true,"href":"https:\/\/www.politicosdosuldabahia.com.br\/v1\/wp-json\/wp\/v2\/users\/992"}],"replies":[{"embeddable":true,"href":"https:\/\/www.politicosdosuldabahia.com.br\/v1\/wp-json\/wp\/v2\/comments?post=152362"}],"version-history":[{"count":1,"href":"https:\/\/www.politicosdosuldabahia.com.br\/v1\/wp-json\/wp\/v2\/posts\/152362\/revisions"}],"predecessor-version":[{"id":152364,"href":"https:\/\/www.politicosdosuldabahia.com.br\/v1\/wp-json\/wp\/v2\/posts\/152362\/revisions\/152364"}],"wp:attachment":[{"href":"https:\/\/www.politicosdosuldabahia.com.br\/v1\/wp-json\/wp\/v2\/media?parent=152362"}],"wp:term":[{"taxonomy":"category","embeddable":true,"href":"https:\/\/www.politicosdosuldabahia.com.br\/v1\/wp-json\/wp\/v2\/categories?post=152362"},{"taxonomy":"post_tag","embeddable":true,"href":"https:\/\/www.politicosdosuldabahia.com.br\/v1\/wp-json\/wp\/v2\/tags?post=152362"}],"curies":[{"name":"wp","href":"https:\/\/api.w.org\/{rel}","templated":true}]}}