
{"id":152323,"date":"2021-07-28T11:00:57","date_gmt":"2021-07-28T14:00:57","guid":{"rendered":"http:\/\/www.politicosdosuldabahia.com.br\/v1\/?p=152323"},"modified":"2021-07-28T08:36:29","modified_gmt":"2021-07-28T11:36:29","slug":"reconhecimento-facial-governador-assina-ordem-de-servico-que-vai-levar-tecnologia-a-mais-77-cidades-baianas","status":"publish","type":"post","link":"https:\/\/www.politicosdosuldabahia.com.br\/v1\/2021\/07\/28\/reconhecimento-facial-governador-assina-ordem-de-servico-que-vai-levar-tecnologia-a-mais-77-cidades-baianas\/","title":{"rendered":"RECONHECIMENTO \u00a0FACIAL: GOVERNADOR ASSINA ORDEM DE SERVI\u00c7O QUE VAI LEVAR TECNOLOGIA A MAIS 77 CIDADES BAIANAS \u00a0"},"content":{"rendered":"<h4 style=\"text-align: center\"><img loading=\"lazy\" decoding=\"async\" class=\"alignnone wp-image-152324\" src=\"http:\/\/www.politicosdosuldabahia.com.br\/v1\/wp-content\/uploads\/2021\/07\/1.jpg\" alt=\"1\" width=\"455\" height=\"303\" srcset=\"https:\/\/www.politicosdosuldabahia.com.br\/v1\/wp-content\/uploads\/2021\/07\/1.jpg 1599w, https:\/\/www.politicosdosuldabahia.com.br\/v1\/wp-content\/uploads\/2021\/07\/1-300x200.jpg 300w, https:\/\/www.politicosdosuldabahia.com.br\/v1\/wp-content\/uploads\/2021\/07\/1-768x512.jpg 768w, https:\/\/www.politicosdosuldabahia.com.br\/v1\/wp-content\/uploads\/2021\/07\/1-1024x683.jpg 1024w\" sizes=\"(max-width: 455px) 100vw, 455px\" \/><\/p>\n<p><strong><em>Apoio: At\u00e9 o final \u00a0de 2022, a tecnologia ser\u00e1 implantada em \u00a077 cidades baianas, al\u00e9m de ser expandida na capital baiana e receber atualiza\u00e7\u00f5es<\/em><\/strong><\/h4>\n<h3 style=\"text-align: justify\">Setenta e sete cidades baianas passar\u00e3o a contar com os Sistemas de Reconhecimento Facial e de Placas, que integram o \u2018Projeto V\u00eddeo Pol\u00edcia\u2019, lan\u00e7ado em 2018, e que agora ser\u00e1 ampliado para a Regi\u00e3o Metropolitana e \u00a0interior do estado.\u00a0 A ordem de servi\u00e7o foi assinada, nesta ter\u00e7a-feira (27), pelo governador Rui Costa e pelo secret\u00e1rio da Seguran\u00e7a P\u00fablica, Ricardo Mandarino. Desde o lan\u00e7amento, a tecnologia j\u00e1 foi respons\u00e1vel pela pris\u00e3o de 211 procurados \u00a0pela Justi\u00e7a.<\/p>\n<p>O investimento, avaliado em aproximadamente R$ 665 milh\u00f5es, inclui a presta\u00e7\u00e3o de servi\u00e7o atrav\u00e9s do cons\u00f3rcio vencedor da licita\u00e7\u00e3o, o conglomerado Oi SA e Avante SA, por cinco anos.\u00a0 Na primeira fase da expans\u00e3o, a tecnologia chegar\u00e1 a 39 cidades da Regi\u00e3o Metropolitana e do interior at\u00e9 o final deste ano. Os demais munic\u00edpios ter\u00e3o os sistemas implantados at\u00e9 o final de 2022.<\/p>\n<p>&#8220;\u00c9 a expans\u00e3o de uma tecnologia em larga escala, sendo utilizada para localizar foragidos, socorrer pessoas e diria tamb\u00e9m para servir de apoio \u00e0s funcionalidades das cidades em casos de atendimentos de emerg\u00eancia. Em 2018 tivemos o projeto piloto, agora, nessa expans\u00e3o do reconhecimento Facial e de Placas, nosso foco inicial \u00e9 direcionado para grandes cidades&#8221;, declarou o governador, Rui Costa.<\/p>\n<p>A expans\u00e3o do projeto prev\u00ea a instala\u00e7\u00e3o de 4.095 c\u00e2meras, priorizando a implanta\u00e7\u00e3o nos munic\u00edpios com maior quantidade de habitantes, \u00edndices criminais, entre outras condi\u00e7\u00f5es. Diferentemente da primeira contrata\u00e7\u00e3o, que foi feita com a aquisi\u00e7\u00e3o das c\u00e2meras, a amplia\u00e7\u00e3o do sistema adotar\u00e1 a implanta\u00e7\u00e3o de pontos de imagens, o que permite a atualiza\u00e7\u00e3o dos equipamentos \u00a0\u00e0 medida em que a tecnologia avance, sem novos custos para o Estado.<\/p>\n<p>&#8220;Todo o processo licitat\u00f3rio foi acompanhado pelo Tribunal de Contas do Estado, Minist\u00e9rio P\u00fablico e Procuradoria Geral do Estado. Tomamos todas as medidas para garantir a lisura no processo&#8221;, afirmou o secret\u00e1rio da Seguran\u00e7a P\u00fablica, Ricardo Mandarino.<\/p>\n<p>O protocolo de atua\u00e7\u00e3o policial em casos de alerta continua o mesmo, com \u00a0a confirma\u00e7\u00e3o da identifica\u00e7\u00e3o pessoal e, em casos de confirma\u00e7\u00e3o, condu\u00e7\u00e3o para unidade da Pol\u00edcia Civil.<\/p>\n<p><strong>Inova\u00e7\u00e3o<\/strong><\/p>\n<p>Al\u00e9m de aumentar o n\u00famero de munic\u00edpios atendidos pela tecnologia, o projeto traz mais uma inova\u00e7\u00e3o, a ado\u00e7\u00e3o de \u00a03.917 terminais de r\u00e1dio comunica\u00e7\u00e3o de voz, v\u00eddeo e dados que ser\u00e3o implantados em viaturas das unidades da Pol\u00edcia Militar da capital e regi\u00e3o metropolitana. Os chamados r\u00e1dios transceptores permitir\u00e3o o acesso imediato das equipes policiais nas ruas aos alertas emitidos pelos sistemas de reconhecimento facial e de placas, em tempo real.<\/p>\n<p>O equipamentos visam a diminuir o tempo-resposta na localiza\u00e7\u00e3o dos suspeitos alertados pelo sistema. Antes da expans\u00e3o, apenas o Centro Integrado de Comunica\u00e7\u00f5es recebia o alerta e realizava acionamento da equipe mais pr\u00f3xima para ajudar a encontrar o procurado. Al\u00e9m de receber os alertas em tempo real, os r\u00e1dios transceptores tamb\u00e9m permitem a grava\u00e7\u00e3o de imagens no momento das abordagens.<\/p>\n<p>O superintendente de Telecomunica\u00e7\u00f5es, coronel Renato Lima, apresentou uma simula\u00e7\u00e3o em tempo real sobre o funcionamento dos sistemas de reconhecimento Facial e de Placas.<\/p>\n<p>&#8220;Podemos afirmar que esse \u00e9 o maior investimento em tecnologia em prol da seguran\u00e7a p\u00fablica realizado pelo estado e, sem d\u00favidas, um dos maiores do pa\u00eds&#8221;, afirmou o superintendente de Gest\u00e3o \u00a0Tecnol\u00f3gica e Organizacional, coronel Marcos Oliveira.<\/p>\n<p>Informa\u00e7\u00f5es como a exist\u00eancia de mandados de pris\u00e3o, \u00a0foto e dados pessoais do foragido \u2013 cadastradas no banco de dados da Secretaria da Seguran\u00e7a P\u00fablica &#8211; chegar\u00e3o no terminal, que pode ser instalado no painel da viatura ou disponibilizado de forma m\u00f3vel.<\/h3>\n","protected":false},"excerpt":{"rendered":"<p>Apoio: At\u00e9 o final \u00a0de 2022, a tecnologia ser\u00e1 implantada em \u00a077 cidades baianas, al\u00e9m de ser expandida na capital baiana e receber atualiza\u00e7\u00f5es Setenta e sete cidades baianas passar\u00e3o a contar com os Sistemas de Reconhecimento Facial e de Placas, que integram o \u2018Projeto V\u00eddeo Pol\u00edcia\u2019, lan\u00e7ado em 2018, e que agora ser\u00e1 ampliado [&hellip;]<\/p>\n","protected":false},"author":992,"featured_media":0,"comment_status":"open","ping_status":"open","sticky":false,"template":"","format":"standard","meta":{"footnotes":"","_links_to":"","_links_to_target":""},"categories":[14],"tags":[],"class_list":["post-152323","post","type-post","status-publish","format-standard","hentry","category-bahia-geral"],"views":725,"_links":{"self":[{"href":"https:\/\/www.politicosdosuldabahia.com.br\/v1\/wp-json\/wp\/v2\/posts\/152323"}],"collection":[{"href":"https:\/\/www.politicosdosuldabahia.com.br\/v1\/wp-json\/wp\/v2\/posts"}],"about":[{"href":"https:\/\/www.politicosdosuldabahia.com.br\/v1\/wp-json\/wp\/v2\/types\/post"}],"author":[{"embeddable":true,"href":"https:\/\/www.politicosdosuldabahia.com.br\/v1\/wp-json\/wp\/v2\/users\/992"}],"replies":[{"embeddable":true,"href":"https:\/\/www.politicosdosuldabahia.com.br\/v1\/wp-json\/wp\/v2\/comments?post=152323"}],"version-history":[{"count":1,"href":"https:\/\/www.politicosdosuldabahia.com.br\/v1\/wp-json\/wp\/v2\/posts\/152323\/revisions"}],"predecessor-version":[{"id":152325,"href":"https:\/\/www.politicosdosuldabahia.com.br\/v1\/wp-json\/wp\/v2\/posts\/152323\/revisions\/152325"}],"wp:attachment":[{"href":"https:\/\/www.politicosdosuldabahia.com.br\/v1\/wp-json\/wp\/v2\/media?parent=152323"}],"wp:term":[{"taxonomy":"category","embeddable":true,"href":"https:\/\/www.politicosdosuldabahia.com.br\/v1\/wp-json\/wp\/v2\/categories?post=152323"},{"taxonomy":"post_tag","embeddable":true,"href":"https:\/\/www.politicosdosuldabahia.com.br\/v1\/wp-json\/wp\/v2\/tags?post=152323"}],"curies":[{"name":"wp","href":"https:\/\/api.w.org\/{rel}","templated":true}]}}