
{"id":151901,"date":"2021-07-16T10:49:08","date_gmt":"2021-07-16T13:49:08","guid":{"rendered":"http:\/\/www.politicosdosuldabahia.com.br\/v1\/?p=151901"},"modified":"2021-07-16T10:49:08","modified_gmt":"2021-07-16T13:49:08","slug":"o-desafio-da-bahia-e-mudar-a-nossa-matriz-economica-diz-acm-neto-em-ipiau","status":"publish","type":"post","link":"https:\/\/www.politicosdosuldabahia.com.br\/v1\/2021\/07\/16\/o-desafio-da-bahia-e-mudar-a-nossa-matriz-economica-diz-acm-neto-em-ipiau\/","title":{"rendered":"\u201dO DESAFIO DA BAHIA \u00c9 MUDAR A NOSSA MATRIZ ECON\u00d4MICA&#8221;, DIZ ACM NETO EM IPIA\u00da"},"content":{"rendered":"<h4 style=\"text-align: center\"><img loading=\"lazy\" decoding=\"async\" class=\"alignnone wp-image-151902\" src=\"http:\/\/www.politicosdosuldabahia.com.br\/v1\/wp-content\/uploads\/2021\/07\/WhatsApp-Image-2021-07-15-at-17.46.45.jpeg\" alt=\"WhatsApp Image 2021-07-15 at 17.46.45\" width=\"455\" height=\"304\" \/><\/h4>\n<h4 style=\"text-align: center\"><em><strong>Presidente nacional do Democratas realiza terceira edi\u00e7\u00e3o do movimento Pela Bahia, desta vez na regi\u00e3o cacaueira e do M\u00e9dio Rio de Contas<\/strong><\/em><\/h4>\n<h3 style=\"text-align: justify\">O presidente nacional do Democratas, ACM Neto, afirmou nesta quinta-feira (15), em Ipia\u00fa, que o maior desafio da Bahia \u00e9 mudar a matriz econ\u00f4mica do estado. Ele realiza a terceira edi\u00e7\u00e3o do movimento Pela Bahia, desta vez na regi\u00e3o cacaueira e do M\u00e9dio Rio de Contas, onde visita empreendimentos e conversa com lideran\u00e7as e moradores.<\/h3>\n<h3 style=\"text-align: justify\">&#8220;N\u00e3o tenho d\u00favida que o desafio da Bahia \u00e9 mudar a nossa matriz econ\u00f4mica. A Bahia ainda \u00e9 um estado com muita desigualdade, muita pobreza seja urbana ou rural. E o que a gente quer \u00e9 um projeto de futuro da Bahia, que mexa com a economia do estado para dar oportunidade a todos. A nossa principal preocupa\u00e7\u00e3o \u00e9 apresentar um projeto econ\u00f4mico para o futuro do estado, que nos traga novas oportunidades de emprego, que renove a esperan\u00e7a dos baianos em rela\u00e7\u00e3o ao seu futuro&#8221;, disse<\/h3>\n<h3 style=\"text-align: justify\">Na regi\u00e3o, ele citou a cultura cacaueira, que teve uma grande contribui\u00e7\u00e3o para a Bahia, mas enfrenta problemas. &#8220;Sobretudo, em fun\u00e7\u00e3o da vassoura de bruxa e dos efeitos que trouxe, atingindo n\u00e3o s\u00f3 o produtor, os donos de terras, que produziam o cacau, mas a economia como o todo, o trabalhador que dependia disso&#8221;, afirmou.<\/h3>\n<h3 style=\"text-align: justify\">&#8220;A nossa visita aqui tamb\u00e9m tem esse car\u00e1ter de ver os potenciais de diversifica\u00e7\u00e3o da produ\u00e7\u00e3o agr\u00edcola, de moderniza\u00e7\u00e3o, n\u00e3o s\u00f3 na pr\u00f3pria da lavoura cacaueira, mas de outras culturas que podem ser estimuladas trazendo tecnologias para industriar. E a gente sabe que quando industrializa est\u00e1 gerando empregos. O estado tem um papel nisso, tem que ser um articulador, tem que estimular, tem que garantir a\u00e7\u00f5es de infraestrutura para que os empreendimentos possam deslanchar. Tem que dialogar com os produtores, com os empres\u00e1rios, com os trabalhadores&#8221;, acrescentou.<\/h3>\n<h3 style=\"text-align: justify\">Na regi\u00e3o, ele visitou empreendimentos locais como a Latic\u00ednio Diamantina, a Piscicultura Canta Galo, a cer\u00e2mica Cores da Terra e a f\u00e1brica GranKakao. Ele tamb\u00e9m foi ao centro de Ipia\u00fa, onde conversou com moradores e lideran\u00e7as. Na Cores da Terra, Neto se encontrou com empres\u00e1rios locais, que apresentaram desafios para o desenvolvimento dos empreendimentos locais e para gerar mais empregos.<\/h3>\n<h3 style=\"text-align: justify\">Entre os pontos apresentados pelos empres\u00e1rios esta a falta de amparo e assist\u00eancia t\u00e9cnica a agrocultores; as m\u00e1s condi\u00e7\u00f5es de rodovias, o que prejudica o escoamento da produ\u00e7\u00e3o; a falta de cr\u00e9dito agr\u00edcola; e falta de valoriza\u00e7\u00e3o do turismo local.<\/h3>\n<h3 style=\"text-align: justify\">A agenda ainda vai contar com visita \u00e0 Doce Mel e \u00e0 Fazenda Flor de Liz. Nesta sexta-feira (16), o movimento Pela Bahia vai a Itagi e Jita\u00fana. Acompanham Neto o deputado estadual Sandro R\u00e9gis (Democratas), o deputado federal Leur Lomanto Jr. (Democratas), o prefeito de Itagi, Dr. Olival, o pr\u00e9-candidato a deputado federal Alipinho da Doce Mel, o vereador de Salvador Claudio Tinoco, entre outras lideran\u00e7as locais.<\/h3>\n<h3 style=\"text-align: justify\">Elei\u00e7\u00f5es<br \/>\nQuestionado pela imprensa local sobre candidatura ao governo no pr\u00f3ximo ano, ACM Neto afirmou que, caso seja candidato e ven\u00e7a a elei\u00e7\u00e3o, estar\u00e1 diante do maior desafio de sua vida. &#8220;N\u00f3s vamos mostrar que \u00e9 poss\u00edvel colocar a Bahia em outro patamar&#8221;, disse.<\/h3>\n<h3 style=\"text-align: justify\">&#8220;Eu s\u00f3 tenho uma op\u00e7\u00e3o que \u00e9 de acertar, de fazer o melhor. E eu n\u00e3o vou me contentar com nada diferente do que oferecer a Bahia o melhor governo do Brasil. Foi o que fiz como prefeito da capital. A gente vai construir ao longo dos pr\u00f3ximos anos o que vai fazer um plataforma de governo do futuro, uma proposta completa de futuro para a Bahia&#8221;, enfatizou.<\/h3>\n<h3 style=\"text-align: justify\">Contudo, ele destacou que n\u00e3o vai &#8220;sair jogando pedra, ou criticando tudo que foi feito nesses \u00faltimos anos no estado&#8221;. &#8220;A gente quer trazer essa vis\u00e3o arrojada, essa vis\u00e3o de futuro, essa vis\u00e3o de olhar a Bahia como estado que lidere o crescimento n\u00e3o s\u00f3 do Nordeste, mas do Brasil&#8221;, completou.<\/h3>\n<h3 style=\"text-align: justify\">ACM Neto disse ver a situa\u00e7\u00e3o do Brasil com preocupa\u00e7\u00e3o em fun\u00e7\u00e3o da pandemia da Covid-19, que j\u00e1 provocou mais de 530 mil mortes no pa\u00eds, am\u00e9m dos impactos econ\u00f4micos e sociais. &#8220;Na Educa\u00e7\u00e3o, boa parte da rede p\u00fablica ainda n\u00e3o voltou. Isso traz um preju\u00edzo enormes para crian\u00e7as, jovens, para toda uma gera\u00e7\u00e3o. A gente ainda tem que conviver com a pandemia, e as incertezas&#8221;, pontuou.<\/h3>\n<h3 style=\"text-align: justify\">Educa\u00e7\u00e3o e seguran\u00e7a<br \/>\nComo desafios para o estado, ACM Neto citou educa\u00e7\u00e3o e seguran\u00e7a p\u00fablica. Na primeira \u00e1rea, relembrou que a Bahia est\u00e1 entre os piores estados no ensino m\u00e9dio, segundo o Ideb. &#8220;\u00c9 uma vergonha. \u00c9 legado muito triste depois de 16 anos de governos do PT. Faltou aqui, na Bahia, prioridade, faltou vis\u00e3o, faltou investimento da Educa\u00e7\u00e3o&#8221;, disse.<\/h3>\n<h3 style=\"text-align: justify\">&#8220;N\u00e3o podemos ter mais de 1,5 milh\u00e3o de baianos acima de 25 anos analfabetos, como temos hoje. N\u00f3s temos 26 estados e o Distrito Federal, e a Bahia do 25\u00aa ao 27\u00aa em todos os indicadores em reprova\u00e7\u00e3o, evas\u00e3o escolar, n\u00famero de alunos matriculados no ensino m\u00e9dio. Isso \u00e9 uma vergonha. A gente n\u00e3o vai ter estado forte no futuro com esses n\u00fameros da Educa\u00e7\u00e3o&#8221;, afirmou.<\/h3>\n<h3 style=\"text-align: justify\">Sobre a seguran\u00e7a, ressaltou que o governo do estado deve assumir sua responsabilidade. &#8220;N\u00f3s precisamos \u00e9 de um governador que chame para si a responsabilidade. O que a gente v\u00ea muito hoje \u00e9 aquela velha justificativa: &#8216;o problema da seguran\u00e7a \u00e9 do Brasil, \u00e9 um problema nacional&#8217;. Ou aqueles que procuram atribuir as mazelas sociais o problema da Seguran\u00e7a P\u00fablica. \u00c9 verdade? \u00c9 verdade. S\u00f3 que \u00e9 mais verdade ainda que a seguran\u00e7a p\u00fablica exige que qualquer governador, que queira encarar o problema com seriedade, bata no meu peito e diga: &#8216;esse problema \u00e9 meu, eu vou enfrentar, eu vou combater a criminalidade, eu vou fazer de tudo para reduzir a viol\u00eancia'&#8221;.<\/h3>\n","protected":false},"excerpt":{"rendered":"<p>Presidente nacional do Democratas realiza terceira edi\u00e7\u00e3o do movimento Pela Bahia, desta vez na regi\u00e3o cacaueira e do M\u00e9dio Rio de Contas O presidente nacional do Democratas, ACM Neto, afirmou nesta quinta-feira (15), em Ipia\u00fa, que o maior desafio da Bahia \u00e9 mudar a matriz econ\u00f4mica do estado. Ele realiza a terceira edi\u00e7\u00e3o do movimento [&hellip;]<\/p>\n","protected":false},"author":992,"featured_media":0,"comment_status":"open","ping_status":"open","sticky":false,"template":"","format":"standard","meta":{"footnotes":"","_links_to":"","_links_to_target":""},"categories":[14],"tags":[],"class_list":["post-151901","post","type-post","status-publish","format-standard","hentry","category-bahia-geral"],"views":650,"_links":{"self":[{"href":"https:\/\/www.politicosdosuldabahia.com.br\/v1\/wp-json\/wp\/v2\/posts\/151901"}],"collection":[{"href":"https:\/\/www.politicosdosuldabahia.com.br\/v1\/wp-json\/wp\/v2\/posts"}],"about":[{"href":"https:\/\/www.politicosdosuldabahia.com.br\/v1\/wp-json\/wp\/v2\/types\/post"}],"author":[{"embeddable":true,"href":"https:\/\/www.politicosdosuldabahia.com.br\/v1\/wp-json\/wp\/v2\/users\/992"}],"replies":[{"embeddable":true,"href":"https:\/\/www.politicosdosuldabahia.com.br\/v1\/wp-json\/wp\/v2\/comments?post=151901"}],"version-history":[{"count":1,"href":"https:\/\/www.politicosdosuldabahia.com.br\/v1\/wp-json\/wp\/v2\/posts\/151901\/revisions"}],"predecessor-version":[{"id":151903,"href":"https:\/\/www.politicosdosuldabahia.com.br\/v1\/wp-json\/wp\/v2\/posts\/151901\/revisions\/151903"}],"wp:attachment":[{"href":"https:\/\/www.politicosdosuldabahia.com.br\/v1\/wp-json\/wp\/v2\/media?parent=151901"}],"wp:term":[{"taxonomy":"category","embeddable":true,"href":"https:\/\/www.politicosdosuldabahia.com.br\/v1\/wp-json\/wp\/v2\/categories?post=151901"},{"taxonomy":"post_tag","embeddable":true,"href":"https:\/\/www.politicosdosuldabahia.com.br\/v1\/wp-json\/wp\/v2\/tags?post=151901"}],"curies":[{"name":"wp","href":"https:\/\/api.w.org\/{rel}","templated":true}]}}