
{"id":151805,"date":"2021-07-14T18:12:03","date_gmt":"2021-07-14T21:12:03","guid":{"rendered":"http:\/\/www.politicosdosuldabahia.com.br\/v1\/?p=151805"},"modified":"2021-07-14T18:12:03","modified_gmt":"2021-07-14T21:12:03","slug":"acm-neto-visita-regiao-cacaueira-e-medio-rio-de-contas-nesta-semana-2","status":"publish","type":"post","link":"https:\/\/www.politicosdosuldabahia.com.br\/v1\/2021\/07\/14\/acm-neto-visita-regiao-cacaueira-e-medio-rio-de-contas-nesta-semana-2\/","title":{"rendered":"ACM NETO VISITA REGI\u00c3O CACAUEIRA E M\u00c9DIO RIO DE CONTAS NESTA SEMANA"},"content":{"rendered":"<h4 style=\"text-align: center\"><img loading=\"lazy\" decoding=\"async\" class=\"alignnone wp-image-151806\" src=\"http:\/\/www.politicosdosuldabahia.com.br\/v1\/wp-content\/uploads\/2021\/07\/WhatsApp-Image-2021-07-14-at-16.38.12.jpeg\" alt=\"WhatsApp Image 2021-07-14 at 16.38.12\" width=\"303\" height=\"455\" \/><\/h4>\n<h4 style=\"text-align: center\"><em><strong>Agenda de mais uma etapa do movimento &#8220;Pela Bahia&#8221; envolve visita aos munic\u00edpios de Ipia\u00fa, Ibirataia, Itagib\u00e1 e Itagi<\/strong><\/em><\/h4>\n<h3 style=\"text-align: justify\">O presidente nacional do Democratas, ACM Neto, vai visitar nesta semana quatro munic\u00edpios da regi\u00e3o cacaueira e do M\u00e9dio Rio de Contas em mais uma etapa do movimento &#8216;Pela Bahia&#8217;. A agenda inclui as cidades de Ipia\u00fa, Ibirataia, Itagib\u00e1 e Itagi e vai contar com visitas a empreendimentos da regi\u00e3o e encontros com moradores e lideran\u00e7as pol\u00edticas.<\/h3>\n<h3 style=\"text-align: justify\">ACM Neto desembarca em Ipia\u00fa na quinta-feira (15), onde visita o Latic\u00ednio Diamantina e a F\u00e1brica GranKakao. Em Ibirataia, o presidente nacional do Democratas vai a uma piscicultura e \u00e0 Cores da Terra, que \u00e9 uma refer\u00eancia de esculturas em cer\u00e2mica. Ele ainda ter\u00e1 agenda na Doce Mel e \u00e0 Fazenda Flor de Liz.<\/h3>\n<h3 style=\"text-align: justify\">J\u00e1 na sexta-feira (16), ACM Neto vai a Itagi. Em ambos os dias, ele deve se reunir com empres\u00e1rios e conversar com moradores para ouvir um diagn\u00f3stico sobre os problemas da regi\u00e3o e colher sugest\u00f5es para o desenvolvimento dos munic\u00edpios do entorno. Esta \u00e9 a terceira edi\u00e7\u00e3o do Pela Bahia, por meio do qual Neto tem percorrido as principais regi\u00f5es do estado e conversado com as pessoas para tra\u00e7ar um diagn\u00f3stico da Bahia. A primeira foi na Chapada Diamantina e a segunda, no Sudoeste.<\/h3>\n<h3 style=\"text-align: justify\">Segundo o deputado estadual Sandro R\u00e9gis (Democratas), ser\u00e1 uma oportunidade para ACM Neto discutir os potenciais e entraves para o desenvolvimento da regi\u00e3o. &#8220;Neto est\u00e1 construindo um projeto novo para a Bahia, focado nas nossas potencialidades regionais, com uma ampla participa\u00e7\u00e3o por todos os cantos do estado&#8221;, ressaltou R\u00e9gis.<\/h3>\n<h3 style=\"text-align: justify\">&#8220;Ele ir\u00e1 sentar com diversos setores da nossa regi\u00e3o, vai trocar ideias e visitar diversos empreendimentos. Com di\u00e1logo e sob a lideran\u00e7a de ACM Neto, vamos construir um caminho de esperan\u00e7a para a nossa regi\u00e3o, com maiores oportunidades de gera\u00e7\u00e3o, emprego e renda. Esta \u00e9 uma demonstra\u00e7\u00e3o do nosso compromisso para buscar cada vez mais o desenvolvimento da regi\u00e3o&#8221;, afirmou.<\/h3>\n<h3 style=\"text-align: justify\">A agenda deve contar com a participa\u00e7\u00e3o do deputado federal Leur Lomanto Jr. (Democratas), do prefeito de Itagi, Dr. Olival (Democratas), al\u00e9m do pr\u00e9-candidato a deputado federal Alipinho da Doce Mel, entre outras lideran\u00e7as locais e estaduais.<\/h3>\n","protected":false},"excerpt":{"rendered":"<p>Agenda de mais uma etapa do movimento &#8220;Pela Bahia&#8221; envolve visita aos munic\u00edpios de Ipia\u00fa, Ibirataia, Itagib\u00e1 e Itagi O presidente nacional do Democratas, ACM Neto, vai visitar nesta semana quatro munic\u00edpios da regi\u00e3o cacaueira e do M\u00e9dio Rio de Contas em mais uma etapa do movimento &#8216;Pela Bahia&#8217;. A agenda inclui as cidades de [&hellip;]<\/p>\n","protected":false},"author":992,"featured_media":0,"comment_status":"open","ping_status":"open","sticky":false,"template":"","format":"standard","meta":{"footnotes":"","_links_to":"","_links_to_target":""},"categories":[14],"tags":[],"class_list":["post-151805","post","type-post","status-publish","format-standard","hentry","category-bahia-geral"],"views":620,"_links":{"self":[{"href":"https:\/\/www.politicosdosuldabahia.com.br\/v1\/wp-json\/wp\/v2\/posts\/151805"}],"collection":[{"href":"https:\/\/www.politicosdosuldabahia.com.br\/v1\/wp-json\/wp\/v2\/posts"}],"about":[{"href":"https:\/\/www.politicosdosuldabahia.com.br\/v1\/wp-json\/wp\/v2\/types\/post"}],"author":[{"embeddable":true,"href":"https:\/\/www.politicosdosuldabahia.com.br\/v1\/wp-json\/wp\/v2\/users\/992"}],"replies":[{"embeddable":true,"href":"https:\/\/www.politicosdosuldabahia.com.br\/v1\/wp-json\/wp\/v2\/comments?post=151805"}],"version-history":[{"count":1,"href":"https:\/\/www.politicosdosuldabahia.com.br\/v1\/wp-json\/wp\/v2\/posts\/151805\/revisions"}],"predecessor-version":[{"id":151807,"href":"https:\/\/www.politicosdosuldabahia.com.br\/v1\/wp-json\/wp\/v2\/posts\/151805\/revisions\/151807"}],"wp:attachment":[{"href":"https:\/\/www.politicosdosuldabahia.com.br\/v1\/wp-json\/wp\/v2\/media?parent=151805"}],"wp:term":[{"taxonomy":"category","embeddable":true,"href":"https:\/\/www.politicosdosuldabahia.com.br\/v1\/wp-json\/wp\/v2\/categories?post=151805"},{"taxonomy":"post_tag","embeddable":true,"href":"https:\/\/www.politicosdosuldabahia.com.br\/v1\/wp-json\/wp\/v2\/tags?post=151805"}],"curies":[{"name":"wp","href":"https:\/\/api.w.org\/{rel}","templated":true}]}}