
{"id":151133,"date":"2021-06-26T13:23:03","date_gmt":"2021-06-26T16:23:03","guid":{"rendered":"http:\/\/www.politicosdosuldabahia.com.br\/v1\/?p=151133"},"modified":"2021-06-26T13:23:03","modified_gmt":"2021-06-26T16:23:03","slug":"transporte-intermunicipal-voltou-a-funcionar-com-70-da-capacidade-neste-sabado","status":"publish","type":"post","link":"https:\/\/www.politicosdosuldabahia.com.br\/v1\/2021\/06\/26\/transporte-intermunicipal-voltou-a-funcionar-com-70-da-capacidade-neste-sabado\/","title":{"rendered":"TRANSPORTE INTERMUNICIPAL VOLTOU A FUNCIONAR COM 70% DA CAPACIDADE NESTE S\u00c1BADO"},"content":{"rendered":"<h3 style=\"text-align: justify\"><img loading=\"lazy\" decoding=\"async\" class=\"aligncenter wp-image-132735\" src=\"http:\/\/www.politicosdosuldabahia.com.br\/v1\/wp-content\/uploads\/2020\/03\/rodoviaria-itabuna-1-300x161.jpg\" alt=\"rodoviaria-itabuna (1)\" width=\"455\" height=\"243\" \/><\/h3>\n<h3 style=\"text-align: justify\">O transporte coletivo intermunicipal rodovi\u00e1rio e hidrovi\u00e1rio voltou a funcionar, em toda a Bahia, desde \u00e0s 5h deste s\u00e1bado (26). A circula\u00e7\u00e3o, a sa\u00edda e a chegada dos transportes estavam suspensas at\u00e9 a pr\u00f3xima segunda-feira (28), mas o Governo do Estado decidiu antecipar o funcionamento para este s\u00e1bado (26).<\/h3>\n<h3 style=\"text-align: justify\">Para evitar aglomera\u00e7\u00e3o, a ocupa\u00e7\u00e3o deve ser limitada a 70% da capacidade do transporte at\u00e9 o dia 4 de julho. N\u00e3o ser\u00e1 permitida a disponibiliza\u00e7\u00e3o de transportes extras.<\/h3>\n<h3 style=\"text-align: justify\">A medida, que ser\u00e1 publicada no Di\u00e1rio Oficial do Estado (DOE) deste s\u00e1bado (26), vale para qualquer transporte coletivo intermunicipal rodovi\u00e1rio, nas modalidades regular, fretamento, complementar, alternativo e de vans, assim como ferry boats, catamar\u00e3s, lanchinhas e balsas.<\/h3>\n<h3 style=\"text-align: justify\">A fiscaliza\u00e7\u00e3o do decreto \u00e9 de responsabilidade da Ag\u00eancia Estadual de Regula\u00e7\u00e3o de Servi\u00e7os P\u00fablicos de Energia, Transportes e Comunica\u00e7\u00f5es (Agerba).<\/h3>\n","protected":false},"excerpt":{"rendered":"<p>O transporte coletivo intermunicipal rodovi\u00e1rio e hidrovi\u00e1rio voltou a funcionar, em toda a Bahia, desde \u00e0s 5h deste s\u00e1bado (26). A circula\u00e7\u00e3o, a sa\u00edda e a chegada dos transportes estavam suspensas at\u00e9 a pr\u00f3xima segunda-feira (28), mas o Governo do Estado decidiu antecipar o funcionamento para este s\u00e1bado (26). Para evitar aglomera\u00e7\u00e3o, a ocupa\u00e7\u00e3o deve [&hellip;]<\/p>\n","protected":false},"author":992,"featured_media":0,"comment_status":"open","ping_status":"open","sticky":false,"template":"","format":"standard","meta":{"footnotes":"","_links_to":"","_links_to_target":""},"categories":[14],"tags":[],"class_list":["post-151133","post","type-post","status-publish","format-standard","hentry","category-bahia-geral"],"views":655,"_links":{"self":[{"href":"https:\/\/www.politicosdosuldabahia.com.br\/v1\/wp-json\/wp\/v2\/posts\/151133"}],"collection":[{"href":"https:\/\/www.politicosdosuldabahia.com.br\/v1\/wp-json\/wp\/v2\/posts"}],"about":[{"href":"https:\/\/www.politicosdosuldabahia.com.br\/v1\/wp-json\/wp\/v2\/types\/post"}],"author":[{"embeddable":true,"href":"https:\/\/www.politicosdosuldabahia.com.br\/v1\/wp-json\/wp\/v2\/users\/992"}],"replies":[{"embeddable":true,"href":"https:\/\/www.politicosdosuldabahia.com.br\/v1\/wp-json\/wp\/v2\/comments?post=151133"}],"version-history":[{"count":1,"href":"https:\/\/www.politicosdosuldabahia.com.br\/v1\/wp-json\/wp\/v2\/posts\/151133\/revisions"}],"predecessor-version":[{"id":151134,"href":"https:\/\/www.politicosdosuldabahia.com.br\/v1\/wp-json\/wp\/v2\/posts\/151133\/revisions\/151134"}],"wp:attachment":[{"href":"https:\/\/www.politicosdosuldabahia.com.br\/v1\/wp-json\/wp\/v2\/media?parent=151133"}],"wp:term":[{"taxonomy":"category","embeddable":true,"href":"https:\/\/www.politicosdosuldabahia.com.br\/v1\/wp-json\/wp\/v2\/categories?post=151133"},{"taxonomy":"post_tag","embeddable":true,"href":"https:\/\/www.politicosdosuldabahia.com.br\/v1\/wp-json\/wp\/v2\/tags?post=151133"}],"curies":[{"name":"wp","href":"https:\/\/api.w.org\/{rel}","templated":true}]}}