
{"id":150412,"date":"2021-06-08T11:42:34","date_gmt":"2021-06-08T14:42:34","guid":{"rendered":"http:\/\/www.politicosdosuldabahia.com.br\/v1\/?p=150412"},"modified":"2021-06-08T11:42:34","modified_gmt":"2021-06-08T14:42:34","slug":"festival-de-economia-solidaria-sao-joao-da-minha-terra-comeca-dia-13","status":"publish","type":"post","link":"https:\/\/www.politicosdosuldabahia.com.br\/v1\/2021\/06\/08\/festival-de-economia-solidaria-sao-joao-da-minha-terra-comeca-dia-13\/","title":{"rendered":"FESTIVAL DE ECONOMIA SOLID\u00c1RIA S\u00c3O JO\u00c3O DA MINHA TERRA COME\u00c7A DIA 13"},"content":{"rendered":"<h3 style=\"text-align: justify\"><img loading=\"lazy\" decoding=\"async\" class=\"aligncenter wp-image-150414\" src=\"http:\/\/www.politicosdosuldabahia.com.br\/v1\/wp-content\/uploads\/2021\/06\/Festival-de-Economia-Solid\u00e1ria-S\u00e3o-Jo\u00e3o-da-Minha-Terra-come\u00e7a-dia-13-2-300x171.jpg\" alt=\"Festival de Economia Solid\u00e1ria S\u00e3o Jo\u00e3o da Minha Terra come\u00e7a dia 13 (2)\" width=\"455\" height=\"260\" srcset=\"https:\/\/www.politicosdosuldabahia.com.br\/v1\/wp-content\/uploads\/2021\/06\/Festival-de-Economia-Solid\u00e1ria-S\u00e3o-Jo\u00e3o-da-Minha-Terra-come\u00e7a-dia-13-2-300x171.jpg 300w, https:\/\/www.politicosdosuldabahia.com.br\/v1\/wp-content\/uploads\/2021\/06\/Festival-de-Economia-Solid\u00e1ria-S\u00e3o-Jo\u00e3o-da-Minha-Terra-come\u00e7a-dia-13-2.jpg 520w\" sizes=\"(max-width: 455px) 100vw, 455px\" \/><br \/>\nAcontece no pr\u00f3ximo domingo (13), Dia de Santo Ant\u00f4nio, o lan\u00e7amento do Festival de Economia Solid\u00e1ria S\u00e3o Jo\u00e3o da Minha Terra, promovido pelo Governo do Estado, atrav\u00e9s da Secretaria do Trabalho, Emprego, Renda e Esporte (Setre).\u00a0\u00a0Em fun\u00e7\u00e3o da pandemia da Covid-19, o evento ser\u00e1 realizado de forma virtual.<\/h3>\n<h3 style=\"text-align: justify\">A live de abertura, que ter\u00e1 in\u00edcio \u00e0s 19 horas, contar\u00e1 com as participa\u00e7\u00f5es de Leonardo Boff, te\u00f3logo, escritor, fil\u00f3sofo e professor conhecido internacionalmente por sua defesa dos direitos dos pobres e exclu\u00eddos, e Shirley Krenak, ativista que atua na defesa dos direitos ind\u00edgenas e da conserva\u00e7\u00e3o da floresta. Eles abordar\u00e3o temas como economia solid\u00e1ria, a vida como base de uma sociedade de bem viver, o ser humano e a natureza e a presen\u00e7a da mulher na transforma\u00e7\u00e3o da rela\u00e7\u00e3o da humanidade com o planeta Terra.<\/h3>\n<p><img loading=\"lazy\" decoding=\"async\" class=\"aligncenter wp-image-150415\" src=\"http:\/\/www.politicosdosuldabahia.com.br\/v1\/wp-content\/uploads\/2021\/06\/Festival-de-Economia-Solid\u00e1ria-S\u00e3o-Jo\u00e3o-da-Minha-Terra-come\u00e7a-dia-13-4-300x254.jpg\" alt=\"Festival de Economia Solid\u00e1ria S\u00e3o Jo\u00e3o da Minha Terra come\u00e7a dia 13 (4)\" width=\"455\" height=\"385\" srcset=\"https:\/\/www.politicosdosuldabahia.com.br\/v1\/wp-content\/uploads\/2021\/06\/Festival-de-Economia-Solid\u00e1ria-S\u00e3o-Jo\u00e3o-da-Minha-Terra-come\u00e7a-dia-13-4-300x254.jpg 300w, https:\/\/www.politicosdosuldabahia.com.br\/v1\/wp-content\/uploads\/2021\/06\/Festival-de-Economia-Solid\u00e1ria-S\u00e3o-Jo\u00e3o-da-Minha-Terra-come\u00e7a-dia-13-4.jpg 640w\" sizes=\"(max-width: 455px) 100vw, 455px\" \/><\/p>\n<h3 style=\"text-align: justify\">A parte musical do evento, que valoriza a cultura regional, ter\u00e1 como atra\u00e7\u00f5es o cantor Del Feliz, o cordelista Ant\u00f4nio Barreto, a Orquestra Sisaleira e a Camerata Popular do Rec\u00f4ncavo.<\/h3>\n<h3 style=\"text-align: justify\">Durante todo o evento haver\u00e1 a comercializa\u00e7\u00e3o de produtos de associa\u00e7\u00f5es e cooperativas da agricultura familiar de 15 Territ\u00f3rios de Identidade da Bahia. Elas integram empreendimentos atendidos pelas 13 unidades de Centros P\u00fablicos de Economia Solid\u00e1ria (Cesols)<\/h3>\n<h3 style=\"text-align: justify\">O Festival de Economia Solid\u00e1ria S\u00e3o Jo\u00e3o da Minha Terra ser\u00e1 transmitido atrav\u00e9s do Facebook, YouTube e Instagram (@economiasolidariaba).<\/h3>\n<h3 style=\"text-align: justify\"><strong>SERVI\u00c7O\u00a0<\/strong><\/h3>\n<h3 style=\"text-align: justify\"><strong>O QU\u00ca?\u00a0<\/strong>Festival de Economia Solid\u00e1ria S\u00e3o Jo\u00e3o da Minha Terra \u2013 2\u00aa edi\u00e7\u00e3o<strong>\u00a0<\/strong><\/h3>\n<h3 style=\"text-align: justify\"><strong>QUANDO?\u00a0<\/strong>13 a 30 de junho<\/h3>\n<h3 style=\"text-align: justify\"><strong>ONDE?\u00a0<\/strong>Redes sociais (@economiasolidariaba)<strong>\u00a0<\/strong><\/h3>\n","protected":false},"excerpt":{"rendered":"<p>Acontece no pr\u00f3ximo domingo (13), Dia de Santo Ant\u00f4nio, o lan\u00e7amento do Festival de Economia Solid\u00e1ria S\u00e3o Jo\u00e3o da Minha Terra, promovido pelo Governo do Estado, atrav\u00e9s da Secretaria do Trabalho, Emprego, Renda e Esporte (Setre).\u00a0\u00a0Em fun\u00e7\u00e3o da pandemia da Covid-19, o evento ser\u00e1 realizado de forma virtual. A live de abertura, que ter\u00e1 in\u00edcio [&hellip;]<\/p>\n","protected":false},"author":992,"featured_media":0,"comment_status":"open","ping_status":"open","sticky":false,"template":"","format":"standard","meta":{"footnotes":"","_links_to":"","_links_to_target":""},"categories":[14],"tags":[],"class_list":["post-150412","post","type-post","status-publish","format-standard","hentry","category-bahia-geral"],"views":614,"_links":{"self":[{"href":"https:\/\/www.politicosdosuldabahia.com.br\/v1\/wp-json\/wp\/v2\/posts\/150412"}],"collection":[{"href":"https:\/\/www.politicosdosuldabahia.com.br\/v1\/wp-json\/wp\/v2\/posts"}],"about":[{"href":"https:\/\/www.politicosdosuldabahia.com.br\/v1\/wp-json\/wp\/v2\/types\/post"}],"author":[{"embeddable":true,"href":"https:\/\/www.politicosdosuldabahia.com.br\/v1\/wp-json\/wp\/v2\/users\/992"}],"replies":[{"embeddable":true,"href":"https:\/\/www.politicosdosuldabahia.com.br\/v1\/wp-json\/wp\/v2\/comments?post=150412"}],"version-history":[{"count":1,"href":"https:\/\/www.politicosdosuldabahia.com.br\/v1\/wp-json\/wp\/v2\/posts\/150412\/revisions"}],"predecessor-version":[{"id":150418,"href":"https:\/\/www.politicosdosuldabahia.com.br\/v1\/wp-json\/wp\/v2\/posts\/150412\/revisions\/150418"}],"wp:attachment":[{"href":"https:\/\/www.politicosdosuldabahia.com.br\/v1\/wp-json\/wp\/v2\/media?parent=150412"}],"wp:term":[{"taxonomy":"category","embeddable":true,"href":"https:\/\/www.politicosdosuldabahia.com.br\/v1\/wp-json\/wp\/v2\/categories?post=150412"},{"taxonomy":"post_tag","embeddable":true,"href":"https:\/\/www.politicosdosuldabahia.com.br\/v1\/wp-json\/wp\/v2\/tags?post=150412"}],"curies":[{"name":"wp","href":"https:\/\/api.w.org\/{rel}","templated":true}]}}