
{"id":149282,"date":"2021-05-07T15:35:19","date_gmt":"2021-05-07T18:35:19","guid":{"rendered":"http:\/\/www.politicosdosuldabahia.com.br\/v1\/?p=149282"},"modified":"2021-05-07T15:38:09","modified_gmt":"2021-05-07T18:38:09","slug":"rui-anuncia-duplicacao-da-rodovia-ilheus-itabuna-com-recursos-proprios-do-governo-do-estado","status":"publish","type":"post","link":"https:\/\/www.politicosdosuldabahia.com.br\/v1\/2021\/05\/07\/rui-anuncia-duplicacao-da-rodovia-ilheus-itabuna-com-recursos-proprios-do-governo-do-estado\/","title":{"rendered":"RUI ANUNCIA DUPLICA\u00c7\u00c3O DA RODOVIA ILH\u00c9US-ITABUNA, COM RECURSOS PR\u00d3PRIOS DO GOVERNO DO ESTADO"},"content":{"rendered":"<h3 style=\"text-align: justify\"><img loading=\"lazy\" decoding=\"async\" class=\"aligncenter wp-image-112231\" src=\"http:\/\/www.politicosdosuldabahia.com.br\/v1\/wp-content\/uploads\/2018\/10\/61944rui-costa-atinge-80-dos-votos-validos-aponta-ibope-3-1-300x141.jpg\" alt=\"61944,rui-costa-atinge-80-dos-votos-validos-aponta-ibope-3\" width=\"455\" height=\"214\" \/><\/h3>\n<h3 style=\"text-align: justify\">Em viagem a Itabuna, nesta sexta-feira (dia 7) o governador Rui Costa anunciou a duplica\u00e7\u00e3o da BR-415, no trecho que faz a liga\u00e7\u00e3o do munic\u00edpio com Ilh\u00e9us e \u00e9 fundamental para o desenvolvimento da regi\u00e3o sul da Bahia. A obra contar\u00e1 com recursos pr\u00f3prios do Governo do Estado, sob coordena\u00e7\u00e3o da Secretaria de Infraestrutura (Seinfra). Segundo o governador a licita\u00e7\u00e3o ser\u00e1 lan\u00e7ada em 30 dias. A estimativa inicial \u00e9 que R$ 150 milh\u00f5es sejam investidos no projeto.<\/h3>\n<h3 style=\"text-align: justify\">\u201cA Bahia e o sul da Bahia cansaram de esperar pelo governo federal. Vamos fazer essa obra com recursos pr\u00f3prios\u201d, disse o governador. Ele explicou que uma licita\u00e7\u00e3o j\u00e1 tinha sido feita dentro do marco legal do governo federal por ser um conv\u00eanio com a Uni\u00e3o. \u201cAgora, teremos que fazer uma nova licita\u00e7\u00e3o que estar\u00e1 publicada no Di\u00e1rio Oficial do Estado, no prazo m\u00e1ximo de 30 dias. O que importa \u00e9 que o povo da regi\u00e3o ter\u00e1 uma pista duplicada\u201d, afirmou o governador.<\/h3>\n<h3 style=\"text-align: justify\">Rui disse ainda que, com a mudan\u00e7a, o trecho deixar\u00e1 de ser uma BR para se transformar em uma nova rodovia estadual (BA). Ela ser\u00e1 integrada \u00e0 BR-415 atrav\u00e9s de pontes inclu\u00eddas no projeto da obra. E anunciou que o governo come\u00e7a a efetivar processo de desapropria\u00e7\u00f5es para viabilizar a duplica\u00e7\u00e3o da rodovia, j\u00e1 a partir deste m\u00eas.<\/h3>\n<h3 style=\"text-align: justify\">\u201cO ritmo da Bahia \u00e9 um ritmo acelerado de gerar renda, gerar emprego, de trabalhar. Gente que gosta de ficar de bra\u00e7os cruzados, dizendo piada e n\u00e3o trabalhando, n\u00e3o \u00e9 conosco. Aqui vamos botar o p\u00e9 no acelerador e cumprir o que eu j\u00e1 disse h\u00e1 tempos: se o governo federal n\u00e3o fizesse, n\u00f3s far\u00edamos a obra\u201d, ressaltou.<\/h3>\n","protected":false},"excerpt":{"rendered":"<p>Em viagem a Itabuna, nesta sexta-feira (dia 7) o governador Rui Costa anunciou a duplica\u00e7\u00e3o da BR-415, no trecho que faz a liga\u00e7\u00e3o do munic\u00edpio com Ilh\u00e9us e \u00e9 fundamental para o desenvolvimento da regi\u00e3o sul da Bahia. A obra contar\u00e1 com recursos pr\u00f3prios do Governo do Estado, sob coordena\u00e7\u00e3o da Secretaria de Infraestrutura (Seinfra). [&hellip;]<\/p>\n","protected":false},"author":992,"featured_media":0,"comment_status":"open","ping_status":"open","sticky":false,"template":"","format":"standard","meta":{"footnotes":"","_links_to":"","_links_to_target":""},"categories":[14],"tags":[],"class_list":["post-149282","post","type-post","status-publish","format-standard","hentry","category-bahia-geral"],"views":857,"_links":{"self":[{"href":"https:\/\/www.politicosdosuldabahia.com.br\/v1\/wp-json\/wp\/v2\/posts\/149282"}],"collection":[{"href":"https:\/\/www.politicosdosuldabahia.com.br\/v1\/wp-json\/wp\/v2\/posts"}],"about":[{"href":"https:\/\/www.politicosdosuldabahia.com.br\/v1\/wp-json\/wp\/v2\/types\/post"}],"author":[{"embeddable":true,"href":"https:\/\/www.politicosdosuldabahia.com.br\/v1\/wp-json\/wp\/v2\/users\/992"}],"replies":[{"embeddable":true,"href":"https:\/\/www.politicosdosuldabahia.com.br\/v1\/wp-json\/wp\/v2\/comments?post=149282"}],"version-history":[{"count":2,"href":"https:\/\/www.politicosdosuldabahia.com.br\/v1\/wp-json\/wp\/v2\/posts\/149282\/revisions"}],"predecessor-version":[{"id":149288,"href":"https:\/\/www.politicosdosuldabahia.com.br\/v1\/wp-json\/wp\/v2\/posts\/149282\/revisions\/149288"}],"wp:attachment":[{"href":"https:\/\/www.politicosdosuldabahia.com.br\/v1\/wp-json\/wp\/v2\/media?parent=149282"}],"wp:term":[{"taxonomy":"category","embeddable":true,"href":"https:\/\/www.politicosdosuldabahia.com.br\/v1\/wp-json\/wp\/v2\/categories?post=149282"},{"taxonomy":"post_tag","embeddable":true,"href":"https:\/\/www.politicosdosuldabahia.com.br\/v1\/wp-json\/wp\/v2\/tags?post=149282"}],"curies":[{"name":"wp","href":"https:\/\/api.w.org\/{rel}","templated":true}]}}