
{"id":149279,"date":"2021-05-07T15:34:01","date_gmt":"2021-05-07T18:34:01","guid":{"rendered":"http:\/\/www.politicosdosuldabahia.com.br\/v1\/?p=149279"},"modified":"2021-05-07T15:34:01","modified_gmt":"2021-05-07T18:34:01","slug":"a-bahia-precisa-voltar-a-ser-a-locomotiva-do-nordeste-diz-acm-neto","status":"publish","type":"post","link":"https:\/\/www.politicosdosuldabahia.com.br\/v1\/2021\/05\/07\/a-bahia-precisa-voltar-a-ser-a-locomotiva-do-nordeste-diz-acm-neto\/","title":{"rendered":"&#8220;A BAHIA PRECISA VOLTAR A SER A LOCOMOTIVA DO NORDESTE&#8221;, DIZ ACM NETO"},"content":{"rendered":"<p>&nbsp;<\/p>\n<h3 style=\"text-align: justify\"><img loading=\"lazy\" decoding=\"async\" class=\"aligncenter wp-image-149280\" src=\"http:\/\/www.politicosdosuldabahia.com.br\/v1\/wp-content\/uploads\/2021\/05\/WhatsApp-Image-2021-05-07-at-11.44.26-300x200.jpeg\" alt=\"WhatsApp Image 2021-05-07 at 11.44.26\" width=\"455\" height=\"304\" srcset=\"https:\/\/www.politicosdosuldabahia.com.br\/v1\/wp-content\/uploads\/2021\/05\/WhatsApp-Image-2021-05-07-at-11.44.26-300x200.jpeg 300w, https:\/\/www.politicosdosuldabahia.com.br\/v1\/wp-content\/uploads\/2021\/05\/WhatsApp-Image-2021-05-07-at-11.44.26-768x512.jpeg 768w, https:\/\/www.politicosdosuldabahia.com.br\/v1\/wp-content\/uploads\/2021\/05\/WhatsApp-Image-2021-05-07-at-11.44.26-1024x683.jpeg 1024w, https:\/\/www.politicosdosuldabahia.com.br\/v1\/wp-content\/uploads\/2021\/05\/WhatsApp-Image-2021-05-07-at-11.44.26.jpeg 1280w\" sizes=\"(max-width: 455px) 100vw, 455px\" \/><\/h3>\n<h3 style=\"text-align: justify\">Ex-prefeito de Salvador e presidente nacional do Democratas, ACM Neto disse hoje (07) que a Bahia precisa retomar o papel de lideran\u00e7a na regi\u00e3o Nordeste. Em entrevista ao programa Isso \u00e9 Bahia, da r\u00e1dio A Tarde FM, Neto afirmou ainda que o estado deve &#8220;agir\u00a0com doses de ambi\u00e7\u00e3o&#8221; ao olhar e pensar sobre o futuro.<\/h3>\n<h3 style=\"text-align: justify\">&#8220;Claro que n\u00e3o vou dizer que est\u00e1 tudo errado (em rela\u00e7\u00e3o ao atual governo estadual). N\u00e3o irei fazer isso, porque h\u00e1 coisas certas e erradas, e n\u00e3o tem porque ficar s\u00f3 criticando. Mas claro tamb\u00e9m que podemos ser muito mais. A Bahia precisa voltar a ser a locomotiva do Nordeste e, para isso, vai ser fundamental ter uma vis\u00e3o estrat\u00e9gica para pensar fora da caixa, agir com doses de ambi\u00e7\u00e3o para ter uma outra perspectiva de futuro&#8221;, declarou.<\/h3>\n<h3 style=\"text-align: justify\">ACM Neto, que ainda n\u00e3o se coloca oficialmente como pr\u00e9-candidato ao governo da Bahia, embora admita que esse \u00e9 o \u00fanico projeto para 2022, afirmou que vai intensificar as viagens ao interior a partir deste m\u00eas. O democrata dever\u00e1, por exemplo, passar ao menos dois dias na regi\u00e3o da Chapada Diamantina.<\/h3>\n<h3 style=\"text-align: justify\">&#8220;Nossa ideia \u00e9, com a redu\u00e7\u00e3o do n\u00famero de casos do novo coronav\u00edrus, n\u00e3o parar mais. Vamos confirmar o diagn\u00f3stico dos problemas da Bahia e pensar solu\u00e7\u00f5es e alternativas para o futuro, colhendo a contribui\u00e7\u00e3o da popula\u00e7\u00e3o. Isso n\u00e3o \u00e9 antecipa\u00e7\u00e3o de campanha. Queremos agora debater caminhos&#8221;, ressaltou.<\/h3>\n<h3 style=\"text-align: justify\">ACM Neto disse que a Bahia n\u00e3o pode ser tratada como um \u00fanico estado do ponto de vista pol\u00edtico. &#8220;Cada regi\u00e3o vive seu pr\u00f3prio drama, e tem uma solu\u00e7\u00e3o pr\u00f3pria para que se possa dar o salto de desenvolvimento olhando para o futuro. Como prefeito de Salvador, uma das coisas que fiz foi apostar na descentraliza\u00e7\u00e3o, encarando a realidade de cada regi\u00e3o administrativa da cidade de forma diferente. E a Bahia precisa disso, de uma perspectiva mais equilibrada de desenvolvimento, descentralizando as oportunidades&#8221;.<\/h3>\n","protected":false},"excerpt":{"rendered":"<p>&nbsp; Ex-prefeito de Salvador e presidente nacional do Democratas, ACM Neto disse hoje (07) que a Bahia precisa retomar o papel de lideran\u00e7a na regi\u00e3o Nordeste. Em entrevista ao programa Isso \u00e9 Bahia, da r\u00e1dio A Tarde FM, Neto afirmou ainda que o estado deve &#8220;agir\u00a0com doses de ambi\u00e7\u00e3o&#8221; ao olhar e pensar sobre o [&hellip;]<\/p>\n","protected":false},"author":992,"featured_media":0,"comment_status":"open","ping_status":"open","sticky":false,"template":"","format":"standard","meta":{"footnotes":"","_links_to":"","_links_to_target":""},"categories":[14],"tags":[],"class_list":["post-149279","post","type-post","status-publish","format-standard","hentry","category-bahia-geral"],"views":742,"_links":{"self":[{"href":"https:\/\/www.politicosdosuldabahia.com.br\/v1\/wp-json\/wp\/v2\/posts\/149279"}],"collection":[{"href":"https:\/\/www.politicosdosuldabahia.com.br\/v1\/wp-json\/wp\/v2\/posts"}],"about":[{"href":"https:\/\/www.politicosdosuldabahia.com.br\/v1\/wp-json\/wp\/v2\/types\/post"}],"author":[{"embeddable":true,"href":"https:\/\/www.politicosdosuldabahia.com.br\/v1\/wp-json\/wp\/v2\/users\/992"}],"replies":[{"embeddable":true,"href":"https:\/\/www.politicosdosuldabahia.com.br\/v1\/wp-json\/wp\/v2\/comments?post=149279"}],"version-history":[{"count":1,"href":"https:\/\/www.politicosdosuldabahia.com.br\/v1\/wp-json\/wp\/v2\/posts\/149279\/revisions"}],"predecessor-version":[{"id":149281,"href":"https:\/\/www.politicosdosuldabahia.com.br\/v1\/wp-json\/wp\/v2\/posts\/149279\/revisions\/149281"}],"wp:attachment":[{"href":"https:\/\/www.politicosdosuldabahia.com.br\/v1\/wp-json\/wp\/v2\/media?parent=149279"}],"wp:term":[{"taxonomy":"category","embeddable":true,"href":"https:\/\/www.politicosdosuldabahia.com.br\/v1\/wp-json\/wp\/v2\/categories?post=149279"},{"taxonomy":"post_tag","embeddable":true,"href":"https:\/\/www.politicosdosuldabahia.com.br\/v1\/wp-json\/wp\/v2\/tags?post=149279"}],"curies":[{"name":"wp","href":"https:\/\/api.w.org\/{rel}","templated":true}]}}