
{"id":147727,"date":"2021-03-25T09:46:55","date_gmt":"2021-03-25T12:46:55","guid":{"rendered":"http:\/\/www.politicosdosuldabahia.com.br\/v1\/?p=147727"},"modified":"2021-03-25T09:46:55","modified_gmt":"2021-03-25T12:46:55","slug":"lider-da-oposicao-na-assembleia-repreende-fala-de-deputados-contra-isolamento-social","status":"publish","type":"post","link":"https:\/\/www.politicosdosuldabahia.com.br\/v1\/2021\/03\/25\/lider-da-oposicao-na-assembleia-repreende-fala-de-deputados-contra-isolamento-social\/","title":{"rendered":"L\u00cdDER DA OPOSI\u00c7\u00c3O NA ASSEMBLEIA REPREENDE FALA DE DEPUTADOS CONTRA ISOLAMENTO SOCIAL"},"content":{"rendered":"<h3 style=\"text-align: justify\"><img loading=\"lazy\" decoding=\"async\" class=\"aligncenter wp-image-135736\" src=\"http:\/\/www.politicosdosuldabahia.com.br\/v1\/wp-content\/uploads\/2020\/05\/750_sandro-regis-lider-oposicao-assembleia_202052101317115-300x256.jpg\" alt=\"750_sandro-regis-lider-oposicao-assembleia_202052101317115\" width=\"455\" height=\"388\" srcset=\"https:\/\/www.politicosdosuldabahia.com.br\/v1\/wp-content\/uploads\/2020\/05\/750_sandro-regis-lider-oposicao-assembleia_202052101317115-300x256.jpg 300w, https:\/\/www.politicosdosuldabahia.com.br\/v1\/wp-content\/uploads\/2020\/05\/750_sandro-regis-lider-oposicao-assembleia_202052101317115.jpg 750w\" sizes=\"(max-width: 455px) 100vw, 455px\" \/><\/h3>\n<h3 style=\"text-align: justify\">L\u00edder da oposi\u00e7\u00e3o na Assembleia Legislativa da Bahia (AL-BA), o deputado Sandro R\u00e9gis (DEM) repreendeu parlamentares do bloco que t\u00eam se posicionado de forma contr\u00e1ria \u00e0s medidas de isolamento social anunciadas pelo governo e pela prefeitura de Salvador.<\/h3>\n<h3 style=\"text-align: justify\">Sem citar nomes, ele disse que o discurso contra o lockdown n\u00e3o \u00e9 un\u00e2nime dentro do grupo. \u201cAlguns pensamentos n\u00e3o s\u00e3o maiorit\u00e1rios. Entendemos que a solu\u00e7\u00e3o \u00e9 vacinar, vacinar e vacinar. Enquanto n\u00e3o tem vacina\u00e7\u00e3o para gerar imunidade de rebanho, as regras s\u00e3o isolamento social e lockdown. Isso protege e salva vidas\u201d, afirmou, durante a sess\u00e3o de hoje (24).<\/h3>\n<h3 style=\"text-align: justify\">R\u00e9gis lamentou ainda a morte do ex-deputado comunista Haroldo Lima, v\u00edtima do coronav\u00edrus.<\/h3>\n<h3 style=\"text-align: justify\">\u201cCom muito pesar, a bancada de Oposi\u00e7\u00e3o lamenta o falecimento do ex-deputado Haroldo Lima e se solidariza com todos os amigos e familiares, em especial aos nossos colegas de ALBA do PCdoB, partido em que Haroldo marcou uma era. Que Deus, em sua infinita bondade e sabedoria, o receba em sua gl\u00f3ria e conforte o cora\u00e7\u00e3o de todos neste momento de dor\u201d, afirmou o deputado Sandro R\u00e9gis.<\/h3>\n","protected":false},"excerpt":{"rendered":"<p>L\u00edder da oposi\u00e7\u00e3o na Assembleia Legislativa da Bahia (AL-BA), o deputado Sandro R\u00e9gis (DEM) repreendeu parlamentares do bloco que t\u00eam se posicionado de forma contr\u00e1ria \u00e0s medidas de isolamento social anunciadas pelo governo e pela prefeitura de Salvador. Sem citar nomes, ele disse que o discurso contra o lockdown n\u00e3o \u00e9 un\u00e2nime dentro do grupo. [&hellip;]<\/p>\n","protected":false},"author":992,"featured_media":0,"comment_status":"open","ping_status":"open","sticky":false,"template":"","format":"standard","meta":{"footnotes":"","_links_to":"","_links_to_target":""},"categories":[14],"tags":[],"class_list":["post-147727","post","type-post","status-publish","format-standard","hentry","category-bahia-geral"],"views":687,"_links":{"self":[{"href":"https:\/\/www.politicosdosuldabahia.com.br\/v1\/wp-json\/wp\/v2\/posts\/147727"}],"collection":[{"href":"https:\/\/www.politicosdosuldabahia.com.br\/v1\/wp-json\/wp\/v2\/posts"}],"about":[{"href":"https:\/\/www.politicosdosuldabahia.com.br\/v1\/wp-json\/wp\/v2\/types\/post"}],"author":[{"embeddable":true,"href":"https:\/\/www.politicosdosuldabahia.com.br\/v1\/wp-json\/wp\/v2\/users\/992"}],"replies":[{"embeddable":true,"href":"https:\/\/www.politicosdosuldabahia.com.br\/v1\/wp-json\/wp\/v2\/comments?post=147727"}],"version-history":[{"count":1,"href":"https:\/\/www.politicosdosuldabahia.com.br\/v1\/wp-json\/wp\/v2\/posts\/147727\/revisions"}],"predecessor-version":[{"id":147728,"href":"https:\/\/www.politicosdosuldabahia.com.br\/v1\/wp-json\/wp\/v2\/posts\/147727\/revisions\/147728"}],"wp:attachment":[{"href":"https:\/\/www.politicosdosuldabahia.com.br\/v1\/wp-json\/wp\/v2\/media?parent=147727"}],"wp:term":[{"taxonomy":"category","embeddable":true,"href":"https:\/\/www.politicosdosuldabahia.com.br\/v1\/wp-json\/wp\/v2\/categories?post=147727"},{"taxonomy":"post_tag","embeddable":true,"href":"https:\/\/www.politicosdosuldabahia.com.br\/v1\/wp-json\/wp\/v2\/tags?post=147727"}],"curies":[{"name":"wp","href":"https:\/\/api.w.org\/{rel}","templated":true}]}}