
{"id":147033,"date":"2021-03-06T12:00:50","date_gmt":"2021-03-06T15:00:50","guid":{"rendered":"http:\/\/www.politicosdosuldabahia.com.br\/v1\/?p=147033"},"modified":"2021-03-06T12:00:50","modified_gmt":"2021-03-06T15:00:50","slug":"sec-e-universidades-estaduais-alinham-acoes-em-parceria-para-o-ensino-remoto-na-rede-estadual-de-ensino","status":"publish","type":"post","link":"https:\/\/www.politicosdosuldabahia.com.br\/v1\/2021\/03\/06\/sec-e-universidades-estaduais-alinham-acoes-em-parceria-para-o-ensino-remoto-na-rede-estadual-de-ensino\/","title":{"rendered":"SEC E UNIVERSIDADES ESTADUAIS ALINHAM A\u00c7\u00d5ES EM PARCERIA PARA O ENSINO REMOTO NA REDE ESTADUAL DE ENSINO"},"content":{"rendered":"<p><img loading=\"lazy\" decoding=\"async\" class=\"aligncenter wp-image-147034\" src=\"http:\/\/www.politicosdosuldabahia.com.br\/v1\/wp-content\/uploads\/2021\/03\/WhatsApp-Image-2021-03-05-at-19.24.06-300x146.jpeg\" alt=\"WhatsApp Image 2021-03-05 at 19.24.06\" width=\"455\" height=\"221\" srcset=\"https:\/\/www.politicosdosuldabahia.com.br\/v1\/wp-content\/uploads\/2021\/03\/WhatsApp-Image-2021-03-05-at-19.24.06-300x146.jpeg 300w, https:\/\/www.politicosdosuldabahia.com.br\/v1\/wp-content\/uploads\/2021\/03\/WhatsApp-Image-2021-03-05-at-19.24.06-768x374.jpeg 768w, https:\/\/www.politicosdosuldabahia.com.br\/v1\/wp-content\/uploads\/2021\/03\/WhatsApp-Image-2021-03-05-at-19.24.06-1024x498.jpeg 1024w, https:\/\/www.politicosdosuldabahia.com.br\/v1\/wp-content\/uploads\/2021\/03\/WhatsApp-Image-2021-03-05-at-19.24.06.jpeg 1110w\" sizes=\"(max-width: 455px) 100vw, 455px\" \/><\/p>\n<h3 style=\"text-align: justify\">A Secretaria da Educa\u00e7\u00e3o do Estado (SEC) se reuniu, nesta sexta-feira (5), com reitores, pr\u00f3-reitores, professores, gestores acad\u00eamicos e outros integrantes das quatro institui\u00e7\u00f5es estaduais e p\u00fablicas de Ensino Superior: Universidade do Estado da Bahia (UNEB), Universidade Estadual de Feira de Santana (UEFS), Universidade Estadual de Santa Cruz (UESC) e Universidade Estadual do Sudoeste da Bahia (UESB). O encontro virtual visou promover um di\u00e1logo e alinhar as contribui\u00e7\u00f5es das Universidades Estaduais Baianas (UEBAS) sobre o ensino remoto na rede estadual de ensino, que come\u00e7a no dia 15 de mar\u00e7o, a partir das experi\u00eancias de forma\u00e7\u00e3o de professores e de desenvolvimento de projetos de ensino de gradua\u00e7\u00e3o e p\u00f3s-gradua\u00e7\u00e3o, extens\u00e3o universit\u00e1ria e pesquisa.<\/h3>\n<h3 style=\"text-align: justify\">A reuni\u00e3o foi conduzida pelo secret\u00e1rio estadual da Educa\u00e7\u00e3o, Jer\u00f4nimo Rodrigues, que ressaltou a import\u00e2ncia das universidades para a Educa\u00e7\u00e3o B\u00e1sica. &#8220;Estamos precisando muito das universidades. Queremos fazer uma reuni\u00e3o com as pr\u00f3-reitorias, em um momento em que a gente possa dialogar, tamb\u00e9m, com os N\u00facleos Territoriais, para poder aproximarmos cada vez mais essas nossas agendas. Queremos, inclusive, criar um grupo de trabalho, de acompanhamento permanente, para uma agenda com a parceria das universidades nos Territ\u00f3rios de Identidade\u201d.<\/h3>\n<h3 style=\"text-align: justify\">A superintendente de Pol\u00edticas para a Educa\u00e7\u00e3o B\u00e1sica, Manuelita Brito, fez a apresenta\u00e7\u00e3o dos planos de ensino e atividades complementares, bem como dos programas da SEC e dos recursos e materiais de apoio para os estudantes, dispon\u00edveis no Portal da Educa\u00e7\u00e3o, a exemplo de Roteiros de Estudos, P\u00edlulas da Aprendizagem e Cadernos de Apoio \u00e0 Aprendizagem. Durante a sua explana\u00e7\u00e3o, ela detalhou as diretrizes gerais relacionadas \u00e0 matr\u00edcula, continuum curricular, retorno em etapas e Comit\u00ea Gestor de Escola (que acompanhar\u00e1 o cumprimento dos protocolos).<\/h3>\n<h3 style=\"text-align: justify\">O reitor da UESC e presidente do F\u00f3rum de Reitores das UEBAS, Alessandro Fernandes, acompanhado do pr\u00f3-reitor de Extens\u00e3o, Neurivaldo Guzzi Filho e da pr\u00f3-reitora de Gradua\u00e7\u00e3o, Rosenaide Ramos, al\u00e9m de professores de pesquisa e de licenciatura, falou sobre a parceria. \u201cEstamos todos empenhados em apoiar a Secretaria nesta tarefa importante, que \u00e9 o in\u00edcio do ensino remoto. O secret\u00e1rio Jer\u00f4nimo sempre procurou fazer a aproxima\u00e7\u00e3o das universidades estaduais com o Ensino B\u00e1sico. Por todas as falas entusiasmadas e esperan\u00e7osas, nesta reuni\u00e3o, temos aqui quatro universidades integrantes do Governo do Estado e estaremos juntos para desenvolvermos os projetos e programas. Neste momento desafiador, vamos transform\u00e1-lo em uma oportunidade e um compromisso, juntos aos N\u00facleos Territoriais de Educa\u00e7\u00e3o (NTEs) e \u00e0s secretarias municipais de Educa\u00e7\u00e3o\u201d<\/h3>\n<h3 style=\"text-align: justify\">Tamb\u00e9m presente \u00e0 reuni\u00e3o, o reitor da UNEB, Jos\u00e9 Bites de Carvalho, falou sobre a participa\u00e7\u00e3o da universidade neste processo de in\u00edcio do ano letivo. \u201cEstou aqui com todas as nossas pr\u00f3-reitorias acad\u00eamicas, com as equipes dos projetos que se articulam com a Educa\u00e7\u00e3o B\u00e1sica, como o Programa Universidade Para Todos (UPT) e com a chefia do Gabinete, para que tenhamos resultados bem satisfat\u00f3rios nesta parceria com a SEC. Estamos \u00e0 disposi\u00e7\u00e3o, vamos trabalhar juntos para que esta conjun\u00e7\u00e3o viabilize um ano remoto com qualidade\u201d.<\/h3>\n<h3 style=\"text-align: justify\">Participaram tamb\u00e9m o subsecret\u00e1rio da Educa\u00e7\u00e3o, Danilo Souza; o reitor e a vice-reitora da UEFS, Evandro Nascimento e Amali Mussi; a gerente acad\u00eamica da UESB, Fl\u00e1via Caires, representando o reitor Lu\u00eds Ot\u00e1vio de Magalh\u00e3es; o coordenador executivo de Programas e Projetos Estrat\u00e9gicos da SEC, Marcius Gomes; o superintendente da Educa\u00e7\u00e3o Profissional e Tecnol\u00f3gica, Ezequiel Westphal, o superintendente de Planejamento Operacional da Rede Escolar, Manoel Calazans; o coordenador de Articula\u00e7\u00e3o de Projetos para a Educa\u00e7\u00e3o, Helder Amorim; o coordenador de Pol\u00edticas para a Juventude da SEC, Jocivaldo dos Anjo; a diretora-geral do Instituto An\u00edsio Teixeira, Cybele Amado de Oliveira; e a diretora de Politicas da Educa\u00e7\u00e3o Superior da SEC, Ivanilda Amado.<\/h3>\n","protected":false},"excerpt":{"rendered":"<p>A Secretaria da Educa\u00e7\u00e3o do Estado (SEC) se reuniu, nesta sexta-feira (5), com reitores, pr\u00f3-reitores, professores, gestores acad\u00eamicos e outros integrantes das quatro institui\u00e7\u00f5es estaduais e p\u00fablicas de Ensino Superior: Universidade do Estado da Bahia (UNEB), Universidade Estadual de Feira de Santana (UEFS), Universidade Estadual de Santa Cruz (UESC) e Universidade Estadual do Sudoeste da [&hellip;]<\/p>\n","protected":false},"author":992,"featured_media":0,"comment_status":"open","ping_status":"open","sticky":false,"template":"","format":"standard","meta":{"footnotes":"","_links_to":"","_links_to_target":""},"categories":[14],"tags":[],"class_list":["post-147033","post","type-post","status-publish","format-standard","hentry","category-bahia-geral"],"views":714,"_links":{"self":[{"href":"https:\/\/www.politicosdosuldabahia.com.br\/v1\/wp-json\/wp\/v2\/posts\/147033"}],"collection":[{"href":"https:\/\/www.politicosdosuldabahia.com.br\/v1\/wp-json\/wp\/v2\/posts"}],"about":[{"href":"https:\/\/www.politicosdosuldabahia.com.br\/v1\/wp-json\/wp\/v2\/types\/post"}],"author":[{"embeddable":true,"href":"https:\/\/www.politicosdosuldabahia.com.br\/v1\/wp-json\/wp\/v2\/users\/992"}],"replies":[{"embeddable":true,"href":"https:\/\/www.politicosdosuldabahia.com.br\/v1\/wp-json\/wp\/v2\/comments?post=147033"}],"version-history":[{"count":1,"href":"https:\/\/www.politicosdosuldabahia.com.br\/v1\/wp-json\/wp\/v2\/posts\/147033\/revisions"}],"predecessor-version":[{"id":147035,"href":"https:\/\/www.politicosdosuldabahia.com.br\/v1\/wp-json\/wp\/v2\/posts\/147033\/revisions\/147035"}],"wp:attachment":[{"href":"https:\/\/www.politicosdosuldabahia.com.br\/v1\/wp-json\/wp\/v2\/media?parent=147033"}],"wp:term":[{"taxonomy":"category","embeddable":true,"href":"https:\/\/www.politicosdosuldabahia.com.br\/v1\/wp-json\/wp\/v2\/categories?post=147033"},{"taxonomy":"post_tag","embeddable":true,"href":"https:\/\/www.politicosdosuldabahia.com.br\/v1\/wp-json\/wp\/v2\/tags?post=147033"}],"curies":[{"name":"wp","href":"https:\/\/api.w.org\/{rel}","templated":true}]}}