
{"id":146789,"date":"2021-02-28T14:42:17","date_gmt":"2021-02-28T17:42:17","guid":{"rendered":"http:\/\/www.politicosdosuldabahia.com.br\/v1\/?p=146789"},"modified":"2021-02-28T14:42:17","modified_gmt":"2021-02-28T17:42:17","slug":"para-valmir-postura-dos-prefeitos-de-porto-seguro-e-teixeira-de-freitas-e-estarrecedora","status":"publish","type":"post","link":"https:\/\/www.politicosdosuldabahia.com.br\/v1\/2021\/02\/28\/para-valmir-postura-dos-prefeitos-de-porto-seguro-e-teixeira-de-freitas-e-estarrecedora\/","title":{"rendered":"PARA VALMIR, POSTURA DOS PREFEITOS DE PORTO SEGURO E TEIXEIRA DE FREITAS \u00c9 \u201cESTARRECEDORA\u201d"},"content":{"rendered":"<h3 style=\"text-align: justify\"><img loading=\"lazy\" decoding=\"async\" class=\"aligncenter wp-image-146790\" src=\"http:\/\/www.politicosdosuldabahia.com.br\/v1\/wp-content\/uploads\/2021\/02\/valmir-assuncao-300x300.jpg\" alt=\"valmir-assuncao\" width=\"455\" height=\"455\" srcset=\"https:\/\/www.politicosdosuldabahia.com.br\/v1\/wp-content\/uploads\/2021\/02\/valmir-assuncao-300x300.jpg 300w, https:\/\/www.politicosdosuldabahia.com.br\/v1\/wp-content\/uploads\/2021\/02\/valmir-assuncao-150x150.jpg 150w, https:\/\/www.politicosdosuldabahia.com.br\/v1\/wp-content\/uploads\/2021\/02\/valmir-assuncao.jpg 500w\" sizes=\"(max-width: 455px) 100vw, 455px\" \/><\/h3>\n<h3 style=\"text-align: justify\">A regi\u00e3o do Extremo Sul da Bahia apresenta uma taxa de mortalidade por coronav\u00edrus que \u00e9 45% superior a m\u00e9dia estadual. A an\u00e1lise refere-se aos tr\u00eas \u00faltimos meses, onde a regi\u00e3o aparece com 27,2 \u00f3bitos a cada 100 mil habitantes, que \u00e9 o maior \u00edndice dentre todas regi\u00f5es do estado.<\/h3>\n<h3 style=\"text-align: justify\">Por essa raz\u00e3o, o deputado federal Valmir Assun\u00e7\u00e3o (PT), criticou a postura dos prefeitos e secret\u00e1rios de sa\u00fade de Porto Seguro e Teixeira de Freitas, que se negaram a adotar o lockdown decretado pelo governador Rui Costa, e estimularam a popula\u00e7\u00e3o a n\u00e3o adotar as medidas de conten\u00e7\u00e3o da doen\u00e7a. \u201cAl\u00e9m disso, mais grave ainda, propagam o uso de kits covid, que incluem antibi\u00f3ticos e verm\u00edfugos, em uma clara afronta ao conhecimento cient\u00edfico estabelecido\u201d, afirmou Valmir.<\/h3>\n<h3 style=\"text-align: justify\">Para o petista, o Brasil vive o pior momento da pandemia, com as pessoas sofrendo com perdas de amigos e familiares, e colocar a vida em primeiro plano seria a decis\u00e3o mais acertada. \u201cNum momento em que estamos com o sistema de sa\u00fade absolutamente sobrecarregado, p\u00fablico e privado, ver um prefeito que n\u00e3o tem a sensibilidade e a coragem de proteger a popula\u00e7\u00e3o do seu pr\u00f3prio munic\u00edpio, \u00e9 estarrecedor\u201d, concluiu o parlamentar.<\/h3>\n","protected":false},"excerpt":{"rendered":"<p>A regi\u00e3o do Extremo Sul da Bahia apresenta uma taxa de mortalidade por coronav\u00edrus que \u00e9 45% superior a m\u00e9dia estadual. A an\u00e1lise refere-se aos tr\u00eas \u00faltimos meses, onde a regi\u00e3o aparece com 27,2 \u00f3bitos a cada 100 mil habitantes, que \u00e9 o maior \u00edndice dentre todas regi\u00f5es do estado. Por essa raz\u00e3o, o deputado [&hellip;]<\/p>\n","protected":false},"author":992,"featured_media":0,"comment_status":"open","ping_status":"open","sticky":false,"template":"","format":"standard","meta":{"footnotes":"","_links_to":"","_links_to_target":""},"categories":[14],"tags":[],"class_list":["post-146789","post","type-post","status-publish","format-standard","hentry","category-bahia-geral"],"views":592,"_links":{"self":[{"href":"https:\/\/www.politicosdosuldabahia.com.br\/v1\/wp-json\/wp\/v2\/posts\/146789"}],"collection":[{"href":"https:\/\/www.politicosdosuldabahia.com.br\/v1\/wp-json\/wp\/v2\/posts"}],"about":[{"href":"https:\/\/www.politicosdosuldabahia.com.br\/v1\/wp-json\/wp\/v2\/types\/post"}],"author":[{"embeddable":true,"href":"https:\/\/www.politicosdosuldabahia.com.br\/v1\/wp-json\/wp\/v2\/users\/992"}],"replies":[{"embeddable":true,"href":"https:\/\/www.politicosdosuldabahia.com.br\/v1\/wp-json\/wp\/v2\/comments?post=146789"}],"version-history":[{"count":1,"href":"https:\/\/www.politicosdosuldabahia.com.br\/v1\/wp-json\/wp\/v2\/posts\/146789\/revisions"}],"predecessor-version":[{"id":146791,"href":"https:\/\/www.politicosdosuldabahia.com.br\/v1\/wp-json\/wp\/v2\/posts\/146789\/revisions\/146791"}],"wp:attachment":[{"href":"https:\/\/www.politicosdosuldabahia.com.br\/v1\/wp-json\/wp\/v2\/media?parent=146789"}],"wp:term":[{"taxonomy":"category","embeddable":true,"href":"https:\/\/www.politicosdosuldabahia.com.br\/v1\/wp-json\/wp\/v2\/categories?post=146789"},{"taxonomy":"post_tag","embeddable":true,"href":"https:\/\/www.politicosdosuldabahia.com.br\/v1\/wp-json\/wp\/v2\/tags?post=146789"}],"curies":[{"name":"wp","href":"https:\/\/api.w.org\/{rel}","templated":true}]}}