
{"id":146462,"date":"2021-02-21T11:01:33","date_gmt":"2021-02-21T14:01:33","guid":{"rendered":"http:\/\/www.politicosdosuldabahia.com.br\/v1\/?p=146462"},"modified":"2021-02-21T11:01:33","modified_gmt":"2021-02-21T14:01:33","slug":"secretario-fabio-vilas-boas-segue-internado-e-evolui-bem","status":"publish","type":"post","link":"https:\/\/www.politicosdosuldabahia.com.br\/v1\/2021\/02\/21\/secretario-fabio-vilas-boas-segue-internado-e-evolui-bem\/","title":{"rendered":"SECRET\u00c1RIO F\u00c1BIO VILAS-BOAS SEGUE INTERNADO E EVOLUI BEM"},"content":{"rendered":"<h3><img loading=\"lazy\" decoding=\"async\" class=\"aligncenter wp-image-133982\" src=\"http:\/\/www.politicosdosuldabahia.com.br\/v1\/wp-content\/uploads\/2020\/04\/vilas-boas-1-300x200.jpg\" alt=\"vilas-boas (1)\" width=\"455\" height=\"303\" srcset=\"https:\/\/www.politicosdosuldabahia.com.br\/v1\/wp-content\/uploads\/2020\/04\/vilas-boas-1-300x200.jpg 300w, https:\/\/www.politicosdosuldabahia.com.br\/v1\/wp-content\/uploads\/2020\/04\/vilas-boas-1.jpg 455w\" sizes=\"(max-width: 455px) 100vw, 455px\" \/><\/h3>\n<h3>O secret\u00e1rio da Sa\u00fade do Estado da Bahia, F\u00e1bio Vilas-Boas, permanece internado em leito cl\u00ednico no Hospital Alian\u00e7a, em Salvador, assistido pelo pneumologista S\u00e9rgio Jezler e pelo infectologista Roberto Badar\u00f3. Evoluiu bem durante a noite, com resposta satisfat\u00f3ria ao uso de corticoster\u00f3ide venoso. Segue dependente de oxig\u00eanio por cateter nasal, mas em menor fluxo. Ainda n\u00e3o h\u00e1 previs\u00e3o de alta.<\/h3>\n","protected":false},"excerpt":{"rendered":"<p>O secret\u00e1rio da Sa\u00fade do Estado da Bahia, F\u00e1bio Vilas-Boas, permanece internado em leito cl\u00ednico no Hospital Alian\u00e7a, em Salvador, assistido pelo pneumologista S\u00e9rgio Jezler e pelo infectologista Roberto Badar\u00f3. Evoluiu bem durante a noite, com resposta satisfat\u00f3ria ao uso de corticoster\u00f3ide venoso. Segue dependente de oxig\u00eanio por cateter nasal, mas em menor fluxo. Ainda [&hellip;]<\/p>\n","protected":false},"author":992,"featured_media":0,"comment_status":"open","ping_status":"open","sticky":false,"template":"","format":"standard","meta":{"footnotes":"","_links_to":"","_links_to_target":""},"categories":[14],"tags":[66,82,83,81,80],"class_list":["post-146462","post","type-post","status-publish","format-standard","hentry","category-bahia-geral","tag-covid-19","tag-estado","tag-fabio-vilas-boas","tag-saude","tag-secretario"],"views":835,"_links":{"self":[{"href":"https:\/\/www.politicosdosuldabahia.com.br\/v1\/wp-json\/wp\/v2\/posts\/146462"}],"collection":[{"href":"https:\/\/www.politicosdosuldabahia.com.br\/v1\/wp-json\/wp\/v2\/posts"}],"about":[{"href":"https:\/\/www.politicosdosuldabahia.com.br\/v1\/wp-json\/wp\/v2\/types\/post"}],"author":[{"embeddable":true,"href":"https:\/\/www.politicosdosuldabahia.com.br\/v1\/wp-json\/wp\/v2\/users\/992"}],"replies":[{"embeddable":true,"href":"https:\/\/www.politicosdosuldabahia.com.br\/v1\/wp-json\/wp\/v2\/comments?post=146462"}],"version-history":[{"count":1,"href":"https:\/\/www.politicosdosuldabahia.com.br\/v1\/wp-json\/wp\/v2\/posts\/146462\/revisions"}],"predecessor-version":[{"id":146463,"href":"https:\/\/www.politicosdosuldabahia.com.br\/v1\/wp-json\/wp\/v2\/posts\/146462\/revisions\/146463"}],"wp:attachment":[{"href":"https:\/\/www.politicosdosuldabahia.com.br\/v1\/wp-json\/wp\/v2\/media?parent=146462"}],"wp:term":[{"taxonomy":"category","embeddable":true,"href":"https:\/\/www.politicosdosuldabahia.com.br\/v1\/wp-json\/wp\/v2\/categories?post=146462"},{"taxonomy":"post_tag","embeddable":true,"href":"https:\/\/www.politicosdosuldabahia.com.br\/v1\/wp-json\/wp\/v2\/tags?post=146462"}],"curies":[{"name":"wp","href":"https:\/\/api.w.org\/{rel}","templated":true}]}}