
{"id":146399,"date":"2021-02-18T20:21:48","date_gmt":"2021-02-18T23:21:48","guid":{"rendered":"http:\/\/www.politicosdosuldabahia.com.br\/v1\/?p=146399"},"modified":"2021-02-18T20:21:48","modified_gmt":"2021-02-18T23:21:48","slug":"amurc-e-policia-militar-firmam-compromisso-para-apoio-aos-municipios-no-combate-a-covid-19","status":"publish","type":"post","link":"https:\/\/www.politicosdosuldabahia.com.br\/v1\/2021\/02\/18\/amurc-e-policia-militar-firmam-compromisso-para-apoio-aos-municipios-no-combate-a-covid-19\/","title":{"rendered":"AMURC E POL\u00cdCIA MILITAR FIRMAM COMPROMISSO PARA APOIO AOS MUNIC\u00cdPIOS NO COMBATE A COVID-19"},"content":{"rendered":"<p>&nbsp;<\/p>\n<h3 style=\"text-align: justify\"><img loading=\"lazy\" decoding=\"async\" class=\"aligncenter wp-image-146400\" src=\"http:\/\/www.politicosdosuldabahia.com.br\/v1\/wp-content\/uploads\/2021\/02\/WhatsApp-Image-2021-02-18-at-20.14.07-225x300.jpeg\" alt=\"WhatsApp Image 2021-02-18 at 20.14.07\" width=\"341\" height=\"455\" srcset=\"https:\/\/www.politicosdosuldabahia.com.br\/v1\/wp-content\/uploads\/2021\/02\/WhatsApp-Image-2021-02-18-at-20.14.07-225x300.jpeg 225w, https:\/\/www.politicosdosuldabahia.com.br\/v1\/wp-content\/uploads\/2021\/02\/WhatsApp-Image-2021-02-18-at-20.14.07-768x1026.jpeg 768w, https:\/\/www.politicosdosuldabahia.com.br\/v1\/wp-content\/uploads\/2021\/02\/WhatsApp-Image-2021-02-18-at-20.14.07-766x1024.jpeg 766w, https:\/\/www.politicosdosuldabahia.com.br\/v1\/wp-content\/uploads\/2021\/02\/WhatsApp-Image-2021-02-18-at-20.14.07.jpeg 958w\" sizes=\"(max-width: 341px) 100vw, 341px\" \/><\/h3>\n<h3 style=\"text-align: justify\">O presidente da Amurc e prefeito de Itaju\u00edpe, Marcone Amaral, esteve reunido nesta quinta-feira, 18, com o Tenente Coronel Ferreira Lopes, comandante do 15. Batalh\u00e3o de Pol\u00edcia Militar para alinhar detalhes do decreto sobre o toque de recolher emitido esta semana pelo Governo do Estado da Bahia. As duas institui\u00e7\u00f5es firmaram um termo de coopera\u00e7\u00e3o, apoiando os munic\u00edpios no cumprimento do decreto, que visa conter o avan\u00e7o da Covid-19 na regi\u00e3o Sul da Bahia.<\/h3>\n<h3 style=\"text-align: justify\">A iniciativa atende a uma solicita\u00e7\u00e3o dos prefeitos associados a entidade, apresentada na \u00faltima reuni\u00e3o, com o objetivo de garantir a seguran\u00e7a da popula\u00e7\u00e3o e o atendimento \u00e0s demandas locais que necessitam do apoio militar. Segundo o presidente da Amurc, o Tenente Coronel destacou que \u201ca PM estar\u00e1 dando apoio irrestrito nas a\u00e7\u00f5es de combate a Covid 19 na regi\u00e3o\u201d.<\/h3>\n<p>&nbsp;<\/p>\n","protected":false},"excerpt":{"rendered":"<p>&nbsp; O presidente da Amurc e prefeito de Itaju\u00edpe, Marcone Amaral, esteve reunido nesta quinta-feira, 18, com o Tenente Coronel Ferreira Lopes, comandante do 15. Batalh\u00e3o de Pol\u00edcia Militar para alinhar detalhes do decreto sobre o toque de recolher emitido esta semana pelo Governo do Estado da Bahia. As duas institui\u00e7\u00f5es firmaram um termo de [&hellip;]<\/p>\n","protected":false},"author":992,"featured_media":0,"comment_status":"open","ping_status":"open","sticky":false,"template":"","format":"standard","meta":{"footnotes":"","_links_to":"","_links_to_target":""},"categories":[3],"tags":[77,69,78,79],"class_list":["post-146399","post","type-post","status-publish","format-standard","hentry","category-cidades","tag-amurc","tag-combate","tag-covid-a-covid-19","tag-policia-militar"],"views":691,"_links":{"self":[{"href":"https:\/\/www.politicosdosuldabahia.com.br\/v1\/wp-json\/wp\/v2\/posts\/146399"}],"collection":[{"href":"https:\/\/www.politicosdosuldabahia.com.br\/v1\/wp-json\/wp\/v2\/posts"}],"about":[{"href":"https:\/\/www.politicosdosuldabahia.com.br\/v1\/wp-json\/wp\/v2\/types\/post"}],"author":[{"embeddable":true,"href":"https:\/\/www.politicosdosuldabahia.com.br\/v1\/wp-json\/wp\/v2\/users\/992"}],"replies":[{"embeddable":true,"href":"https:\/\/www.politicosdosuldabahia.com.br\/v1\/wp-json\/wp\/v2\/comments?post=146399"}],"version-history":[{"count":1,"href":"https:\/\/www.politicosdosuldabahia.com.br\/v1\/wp-json\/wp\/v2\/posts\/146399\/revisions"}],"predecessor-version":[{"id":146401,"href":"https:\/\/www.politicosdosuldabahia.com.br\/v1\/wp-json\/wp\/v2\/posts\/146399\/revisions\/146401"}],"wp:attachment":[{"href":"https:\/\/www.politicosdosuldabahia.com.br\/v1\/wp-json\/wp\/v2\/media?parent=146399"}],"wp:term":[{"taxonomy":"category","embeddable":true,"href":"https:\/\/www.politicosdosuldabahia.com.br\/v1\/wp-json\/wp\/v2\/categories?post=146399"},{"taxonomy":"post_tag","embeddable":true,"href":"https:\/\/www.politicosdosuldabahia.com.br\/v1\/wp-json\/wp\/v2\/tags?post=146399"}],"curies":[{"name":"wp","href":"https:\/\/api.w.org\/{rel}","templated":true}]}}