
{"id":14638,"date":"2010-10-28T18:02:22","date_gmt":"2010-10-28T21:02:22","guid":{"rendered":"http:\/\/www.politicosdosuldabahia.com.br\/v1\/?p=14638"},"modified":"2010-10-28T17:06:19","modified_gmt":"2010-10-28T20:06:19","slug":"prefeito-de-itacare-atrai-apoio-evangelico-a-dilma-no-sul-da-bahia","status":"publish","type":"post","link":"https:\/\/www.politicosdosuldabahia.com.br\/v1\/2010\/10\/28\/prefeito-de-itacare-atrai-apoio-evangelico-a-dilma-no-sul-da-bahia\/","title":{"rendered":"PREFEITO DE ITACAR\u00c9 ATRAI APOIO  EVANG\u00c9LICO A DILMA NO SUL DA BAHIA"},"content":{"rendered":"<h3 class=\"mceTemp mceIEcenter\">\n<dl id=\"attachment_14639\" class=\"wp-caption aligncenter\" style=\"width: 526px;\">\n<dt class=\"wp-caption-dt\"><a href=\"http:\/\/www.politicosdosuldabahia.com.br\/v1\/wp-content\/uploads\/Prefeito-Antonio-de-An\u00edzio-com-o-corrdenador-da-campanha-de-Dilma-na-Bahia-Luiz-Caetanofoto-Ailton-Silva.jpg\"><img loading=\"lazy\" decoding=\"async\" class=\"size-full wp-image-14639   \" title=\"Prefeito Antonio de An\u00edzio com o corrdenador da campanha de Dilma na Bahia, Luiz Caetano(foto Ailton Silva)\" src=\"http:\/\/www.politicosdosuldabahia.com.br\/v1\/wp-content\/uploads\/Prefeito-Antonio-de-An\u00edzio-com-o-corrdenador-da-campanha-de-Dilma-na-Bahia-Luiz-Caetanofoto-Ailton-Silva.jpg\" alt=\"\" width=\"516\" height=\"387\" srcset=\"https:\/\/www.politicosdosuldabahia.com.br\/v1\/wp-content\/uploads\/Prefeito-Antonio-de-An\u00edzio-com-o-corrdenador-da-campanha-de-Dilma-na-Bahia-Luiz-Caetanofoto-Ailton-Silva.jpg 1024w, https:\/\/www.politicosdosuldabahia.com.br\/v1\/wp-content\/uploads\/Prefeito-Antonio-de-An\u00edzio-com-o-corrdenador-da-campanha-de-Dilma-na-Bahia-Luiz-Caetanofoto-Ailton-Silva-300x225.jpg 300w\" sizes=\"(max-width: 516px) 100vw, 516px\" \/><\/a><\/dt>\n<dd class=\"wp-caption-dd\" style=\"text-align: center;\"><span style=\"color: #ff0000;\">Prefeito Antonio de An\u00edzio com o corrdenador da campanha de Dilma na Bahia, Luiz Caetano(foto: Ailton Silva)<\/span><\/dd>\n<\/dl>\n<\/h3>\n<p style=\"text-align: center;\">\n<p style=\"text-align: justify;\"><span style=\"color: #ffffff;\">.<\/span><\/p>\n<h4 style=\"text-align: justify;\"><span style=\"color: #000000;\">Membro da Igreja Assembl\u00e9ia de Deus h\u00e1 mais de 10 anos, o prefeito de Itacar\u00e9, Antonio de An\u00edzio vem trabalhando o apoio de lideran\u00e7as evang\u00e9licas a candidatura da ex-ministra Dilma Roussef \u00e0 Presid\u00eancia da Rep\u00fablica.<\/span><\/h4>\n<h4 style=\"text-align: justify;\"><span style=\"color: #000000;\"> <span style=\"color: #ffffff;\">.<\/span><\/span><\/h4>\n<h4 style=\"text-align: justify;\"><span style=\"color: #000000;\"> Prefeito do terceiro mais importante destino tur\u00edstico da Bahia, ele conta aos ministros evang\u00e9licos a sua pr\u00f3pria hist\u00f3ria, um contraponto ao que acontece com Dilma Roussef.  Quando candidato a prefeito em 2008, Ant\u00f4nio de An\u00edzio(PCdoB) sofreu ataques da oposi\u00e7\u00e3o pelo fato de ser evang\u00e9lico. \u201cNa \u00e9poca diziam que acabar\u00edamos com o carnaval e que n\u00e3o ter\u00edamos eventos na cidade.Hoje acontece o contr\u00e1rio, temos os melhores eventos em Itacar\u00e9\u201d,diz.<\/span><\/h4>\n<h4 style=\"text-align: justify;\"><span style=\"color: #000000;\"> <span style=\"color: #ffffff;\">.<\/span><\/span><\/h4>\n<h4 style=\"text-align: justify;\"><span style=\"color: #000000;\"> Apoios<\/span><\/h4>\n<h4 style=\"text-align: justify;\"><span style=\"color: #000000;\"> <span style=\"color: #ffffff;\">.<\/span><\/span><\/h4>\n<h4 style=\"text-align: justify;\"><span style=\"color: #000000;\"> Com os argumentos o prefeito tem conquistado apoios em todos os munic\u00edpios do Sul da Bahia e de outras regi\u00f5es.<\/span><\/h4>\n<h4 style=\"text-align: justify;\"><span style=\"color: #000000;\"> <span style=\"color: #ffffff;\">.<\/span><\/span><\/h4>\n<h4 style=\"text-align: justify;\"><span style=\"color: #000000;\"> De sua cidade, j\u00e1 conquistou a ades\u00e3o de 13 pastores de v\u00e1rias igrejas. Ele tem viajado para v\u00e1rios munic\u00edpios e mantido contatos com lideran\u00e7as. Empolgado, diz que s\u00f3 tem ampliado apoios. \u201cCada voto que conseguimos mudar \u00e9 muito importante\u201d.<\/span><\/h4>\n","protected":false},"excerpt":{"rendered":"<p>Prefeito Antonio de An\u00edzio com o corrdenador da campanha de Dilma na Bahia, Luiz Caetano(foto: Ailton Silva) . Membro da Igreja Assembl\u00e9ia de Deus h\u00e1 mais de 10 anos, o prefeito de Itacar\u00e9, Antonio de An\u00edzio vem trabalhando o apoio de lideran\u00e7as evang\u00e9licas a candidatura da ex-ministra Dilma Roussef \u00e0 Presid\u00eancia da Rep\u00fablica. . Prefeito [&hellip;]<\/p>\n","protected":false},"author":2,"featured_media":0,"comment_status":"open","ping_status":"open","sticky":false,"template":"","format":"standard","meta":{"footnotes":"","_links_to":"","_links_to_target":""},"categories":[1],"tags":[],"class_list":["post-14638","post","type-post","status-publish","format-standard","hentry","category-geral"],"views":2511,"_links":{"self":[{"href":"https:\/\/www.politicosdosuldabahia.com.br\/v1\/wp-json\/wp\/v2\/posts\/14638"}],"collection":[{"href":"https:\/\/www.politicosdosuldabahia.com.br\/v1\/wp-json\/wp\/v2\/posts"}],"about":[{"href":"https:\/\/www.politicosdosuldabahia.com.br\/v1\/wp-json\/wp\/v2\/types\/post"}],"author":[{"embeddable":true,"href":"https:\/\/www.politicosdosuldabahia.com.br\/v1\/wp-json\/wp\/v2\/users\/2"}],"replies":[{"embeddable":true,"href":"https:\/\/www.politicosdosuldabahia.com.br\/v1\/wp-json\/wp\/v2\/comments?post=14638"}],"version-history":[{"count":4,"href":"https:\/\/www.politicosdosuldabahia.com.br\/v1\/wp-json\/wp\/v2\/posts\/14638\/revisions"}],"predecessor-version":[{"id":14643,"href":"https:\/\/www.politicosdosuldabahia.com.br\/v1\/wp-json\/wp\/v2\/posts\/14638\/revisions\/14643"}],"wp:attachment":[{"href":"https:\/\/www.politicosdosuldabahia.com.br\/v1\/wp-json\/wp\/v2\/media?parent=14638"}],"wp:term":[{"taxonomy":"category","embeddable":true,"href":"https:\/\/www.politicosdosuldabahia.com.br\/v1\/wp-json\/wp\/v2\/categories?post=14638"},{"taxonomy":"post_tag","embeddable":true,"href":"https:\/\/www.politicosdosuldabahia.com.br\/v1\/wp-json\/wp\/v2\/tags?post=14638"}],"curies":[{"name":"wp","href":"https:\/\/api.w.org\/{rel}","templated":true}]}}