
{"id":143494,"date":"2020-11-25T19:47:59","date_gmt":"2020-11-25T22:47:59","guid":{"rendered":"http:\/\/www.politicosdosuldabahia.com.br\/v1\/?p=143494"},"modified":"2020-11-25T19:47:59","modified_gmt":"2020-11-25T22:47:59","slug":"sandro-regis-lembra-que-investimento-no-porto-sul-e-privado-nao-tem-um-centavo-do-governo-da-bahia","status":"publish","type":"post","link":"https:\/\/www.politicosdosuldabahia.com.br\/v1\/2020\/11\/25\/sandro-regis-lembra-que-investimento-no-porto-sul-e-privado-nao-tem-um-centavo-do-governo-da-bahia\/","title":{"rendered":"SANDRO R\u00c9GIS LEMBRA QUE INVESTIMENTO NO PORTO SUL \u00c9 PRIVADO: \u201cN\u00c3O TEM UM CENTAVO DO GOVERNO DA BAHIA\u201d"},"content":{"rendered":"<h3 style=\"text-align: justify\"><img loading=\"lazy\" decoding=\"async\" class=\"aligncenter wp-image-135736\" src=\"http:\/\/www.politicosdosuldabahia.com.br\/v1\/wp-content\/uploads\/2020\/05\/750_sandro-regis-lider-oposicao-assembleia_202052101317115-300x256.jpg\" alt=\"750_sandro-regis-lider-oposicao-assembleia_202052101317115\" width=\"455\" height=\"388\" srcset=\"https:\/\/www.politicosdosuldabahia.com.br\/v1\/wp-content\/uploads\/2020\/05\/750_sandro-regis-lider-oposicao-assembleia_202052101317115-300x256.jpg 300w, https:\/\/www.politicosdosuldabahia.com.br\/v1\/wp-content\/uploads\/2020\/05\/750_sandro-regis-lider-oposicao-assembleia_202052101317115.jpg 750w\" sizes=\"(max-width: 455px) 100vw, 455px\" \/><\/h3>\n<h3 style=\"text-align: justify\">O deputado estadual Sandro R\u00e9gis (Democratas), l\u00edder da Oposi\u00e7\u00e3o na Assembleia Legislativa da Bahia (ALBA), afirmou nesta quarta-feira (25) que a implanta\u00e7\u00e3o do Porto Sul, em Ilh\u00e9us, \u00e9 feita com investimentos privados, &#8220;sem nem um centavo do governo da Bahia&#8221;. A afirma\u00e7\u00e3o do parlamentar ocorre ap\u00f3s visita \u00e0s obras do empreendimento realizada nesta quarta pelo governador Rui Costa (PT).<\/h3>\n<h3 style=\"text-align: justify\">\u201c\u00c9 importante lembrar que todo o investimento realizado no Porto Sul \u00e9 privado. N\u00e3o tem um centavo do governo da Bahia nesta obra. Inclusive, o Porto Sul depende muito mais do governo federal, uma vez que ele n\u00e3o faz sentido sem a Fiol (Ferrovia de Integra\u00e7\u00e3o Oeste-Leste), que \u00e9 uma concess\u00e3o federal viabilizada pelo atual governo\u201d, destacou R\u00e9gis.<\/h3>\n<h3 style=\"text-align: justify\">O deputado recordou ainda que, em maio deste ano, o Minist\u00e9rio da Infraestrutura assinou contratos para explora\u00e7\u00e3o de terminais de uso privado (TUPs). \u201cO Porto Sul \u00e9 um terminal de uso privado (TUP), e toda autoriza\u00e7\u00e3o para este tipo de terminal \u00e9 federal. Ou seja, n\u00e3o foi o governo estadual que viabilizou este investimento, mas sim o federal. \u00c9 preciso deixar isso claro\u201d, frisou o parlamentar.<\/h3>\n<h3 style=\"text-align: justify\">Segundo a Bahia Minera\u00e7\u00e3o, o Porto Sul vai ter capacidade para operar, por ano, at\u00e9 40 milh\u00f5es de toneladas de min\u00e9rios, fertilizantes e gr\u00e3os, dentre outros produtos. A expectativa \u00e9 que o projeto seja conclu\u00eddo em 2022.<\/h3>\n","protected":false},"excerpt":{"rendered":"<p>O deputado estadual Sandro R\u00e9gis (Democratas), l\u00edder da Oposi\u00e7\u00e3o na Assembleia Legislativa da Bahia (ALBA), afirmou nesta quarta-feira (25) que a implanta\u00e7\u00e3o do Porto Sul, em Ilh\u00e9us, \u00e9 feita com investimentos privados, &#8220;sem nem um centavo do governo da Bahia&#8221;. A afirma\u00e7\u00e3o do parlamentar ocorre ap\u00f3s visita \u00e0s obras do empreendimento realizada nesta quarta pelo [&hellip;]<\/p>\n","protected":false},"author":992,"featured_media":0,"comment_status":"open","ping_status":"open","sticky":false,"template":"","format":"standard","meta":{"footnotes":"","_links_to":"","_links_to_target":""},"categories":[14],"tags":[],"class_list":["post-143494","post","type-post","status-publish","format-standard","hentry","category-bahia-geral"],"views":984,"_links":{"self":[{"href":"https:\/\/www.politicosdosuldabahia.com.br\/v1\/wp-json\/wp\/v2\/posts\/143494"}],"collection":[{"href":"https:\/\/www.politicosdosuldabahia.com.br\/v1\/wp-json\/wp\/v2\/posts"}],"about":[{"href":"https:\/\/www.politicosdosuldabahia.com.br\/v1\/wp-json\/wp\/v2\/types\/post"}],"author":[{"embeddable":true,"href":"https:\/\/www.politicosdosuldabahia.com.br\/v1\/wp-json\/wp\/v2\/users\/992"}],"replies":[{"embeddable":true,"href":"https:\/\/www.politicosdosuldabahia.com.br\/v1\/wp-json\/wp\/v2\/comments?post=143494"}],"version-history":[{"count":1,"href":"https:\/\/www.politicosdosuldabahia.com.br\/v1\/wp-json\/wp\/v2\/posts\/143494\/revisions"}],"predecessor-version":[{"id":143495,"href":"https:\/\/www.politicosdosuldabahia.com.br\/v1\/wp-json\/wp\/v2\/posts\/143494\/revisions\/143495"}],"wp:attachment":[{"href":"https:\/\/www.politicosdosuldabahia.com.br\/v1\/wp-json\/wp\/v2\/media?parent=143494"}],"wp:term":[{"taxonomy":"category","embeddable":true,"href":"https:\/\/www.politicosdosuldabahia.com.br\/v1\/wp-json\/wp\/v2\/categories?post=143494"},{"taxonomy":"post_tag","embeddable":true,"href":"https:\/\/www.politicosdosuldabahia.com.br\/v1\/wp-json\/wp\/v2\/tags?post=143494"}],"curies":[{"name":"wp","href":"https:\/\/api.w.org\/{rel}","templated":true}]}}