
{"id":142821,"date":"2020-11-06T18:03:18","date_gmt":"2020-11-06T21:03:18","guid":{"rendered":"http:\/\/www.politicosdosuldabahia.com.br\/v1\/?p=142821"},"modified":"2020-11-06T18:03:19","modified_gmt":"2020-11-06T21:03:19","slug":"itabuna-deputado-anuncia-inicio-da-duplicacao-da-br415","status":"publish","type":"post","link":"https:\/\/www.politicosdosuldabahia.com.br\/v1\/2020\/11\/06\/itabuna-deputado-anuncia-inicio-da-duplicacao-da-br415\/","title":{"rendered":"ITABUNA: DEPUTADO ANUNCIA IN\u00cdCIO DA DUPLICA\u00c7\u00c3O DA BR415"},"content":{"rendered":"<p><a href=\"http:\/\/www.politicosdosuldabahia.com.br\/v1\/2020\/11\/06\/itabuna-deputado-anuncia-inicio-da-duplicacao-da-br415\/portal-acesse-politica-aqui-voce-sabe-o-que-ler-acessepolitica-com_-br-joao-bacelar-declara-nao-abrir-mao-de-fernando-gomes-na-reeleicao-em-itabuna-2\/\" rel=\"attachment wp-att-142823\"><img loading=\"lazy\" decoding=\"async\" class=\"aligncenter size-full wp-image-142823\" src=\"http:\/\/www.politicosdosuldabahia.com.br\/v1\/wp-content\/uploads\/2020\/11\/Portal-Acesse-Pol\u00edtica-Aqui-voc\u00ea-sabe-o-que-ler-acessepolitica.com_.br-Jo\u00e3o-Bacelar-declara-n\u00e3o-abrir-m\u00e3o-de-Fernando-Gomes-na-reelei\u00e7\u00e3o-em-Itabuna.jpg\" alt=\"Portal-Acesse-Pol\u00edtica-Aqui-voc\u00ea-sabe-o-que-ler-acessepolitica.com_.br-Jo\u00e3o-Bacelar-declara-n\u00e3o-abrir-m\u00e3o-de-Fernando-Gomes-na-reelei\u00e7\u00e3o-em-Itabuna\" width=\"471\" height=\"330\" srcset=\"https:\/\/www.politicosdosuldabahia.com.br\/v1\/wp-content\/uploads\/2020\/11\/Portal-Acesse-Pol\u00edtica-Aqui-voc\u00ea-sabe-o-que-ler-acessepolitica.com_.br-Jo\u00e3o-Bacelar-declara-n\u00e3o-abrir-m\u00e3o-de-Fernando-Gomes-na-reelei\u00e7\u00e3o-em-Itabuna.jpg 471w, https:\/\/www.politicosdosuldabahia.com.br\/v1\/wp-content\/uploads\/2020\/11\/Portal-Acesse-Pol\u00edtica-Aqui-voc\u00ea-sabe-o-que-ler-acessepolitica.com_.br-Jo\u00e3o-Bacelar-declara-n\u00e3o-abrir-m\u00e3o-de-Fernando-Gomes-na-reelei\u00e7\u00e3o-em-Itabuna-300x210.jpg 300w\" sizes=\"(max-width: 471px) 100vw, 471px\" \/><\/a><\/p>\n<h3 style=\"text-align: justify;\">Na tarde desta sexta-feira(06) o site manteve contato com o deputado federal Jo\u00e3o Bacelar (PL). O deputado declarou que o DNIT autorizou duplica\u00e7\u00e3o da BR 415, trecho Itabuna a Ilh\u00e9us:<\/h3>\n<h3 style=\"text-align: justify;\">\u201ca pedido do prefeito de Itabuna, Fernando Gomes eu procurei o governo federal para destravar essa importante obra. Nesta semana o DNIT autorizou a obra ser executada e ainda em novembro a empresa contratada j\u00e1 inicia com a constru\u00e7\u00e3o da obra no sentido Itabuna a Ilh\u00e9us. Isso \u00e9 a prova de como Fernando Gomes tem prestigio com o presidente Bolsonaro.\u201d. Declarou.<\/h3>\n<p><a href=\"http:\/\/www.politicosdosuldabahia.com.br\/v1\/2020\/11\/06\/itabuna-deputado-anuncia-inicio-da-duplicacao-da-br415\/124110237_3527141710677014_7952613161222998763_o\/\" rel=\"attachment wp-att-142822\"><img loading=\"lazy\" decoding=\"async\" class=\"aligncenter size-full wp-image-142822\" src=\"http:\/\/www.politicosdosuldabahia.com.br\/v1\/wp-content\/uploads\/2020\/11\/124110237_3527141710677014_7952613161222998763_o-e1604696406366.jpg\" alt=\"124110237_3527141710677014_7952613161222998763_o\" width=\"480\" height=\"270\" \/><\/a><\/p>\n","protected":false},"excerpt":{"rendered":"<p>Na tarde desta sexta-feira(06) o site manteve contato com o deputado federal Jo\u00e3o Bacelar (PL). O deputado declarou que o DNIT autorizou duplica\u00e7\u00e3o da BR 415, trecho Itabuna a Ilh\u00e9us: \u201ca pedido do prefeito de Itabuna, Fernando Gomes eu procurei o governo federal para destravar essa importante obra. Nesta semana o DNIT autorizou a obra [&hellip;]<\/p>\n","protected":false},"author":2,"featured_media":0,"comment_status":"open","ping_status":"open","sticky":false,"template":"","format":"standard","meta":{"footnotes":"","_links_to":"","_links_to_target":""},"categories":[1],"tags":[],"class_list":["post-142821","post","type-post","status-publish","format-standard","hentry","category-geral"],"views":1450,"_links":{"self":[{"href":"https:\/\/www.politicosdosuldabahia.com.br\/v1\/wp-json\/wp\/v2\/posts\/142821"}],"collection":[{"href":"https:\/\/www.politicosdosuldabahia.com.br\/v1\/wp-json\/wp\/v2\/posts"}],"about":[{"href":"https:\/\/www.politicosdosuldabahia.com.br\/v1\/wp-json\/wp\/v2\/types\/post"}],"author":[{"embeddable":true,"href":"https:\/\/www.politicosdosuldabahia.com.br\/v1\/wp-json\/wp\/v2\/users\/2"}],"replies":[{"embeddable":true,"href":"https:\/\/www.politicosdosuldabahia.com.br\/v1\/wp-json\/wp\/v2\/comments?post=142821"}],"version-history":[{"count":2,"href":"https:\/\/www.politicosdosuldabahia.com.br\/v1\/wp-json\/wp\/v2\/posts\/142821\/revisions"}],"predecessor-version":[{"id":142825,"href":"https:\/\/www.politicosdosuldabahia.com.br\/v1\/wp-json\/wp\/v2\/posts\/142821\/revisions\/142825"}],"wp:attachment":[{"href":"https:\/\/www.politicosdosuldabahia.com.br\/v1\/wp-json\/wp\/v2\/media?parent=142821"}],"wp:term":[{"taxonomy":"category","embeddable":true,"href":"https:\/\/www.politicosdosuldabahia.com.br\/v1\/wp-json\/wp\/v2\/categories?post=142821"},{"taxonomy":"post_tag","embeddable":true,"href":"https:\/\/www.politicosdosuldabahia.com.br\/v1\/wp-json\/wp\/v2\/tags?post=142821"}],"curies":[{"name":"wp","href":"https:\/\/api.w.org\/{rel}","templated":true}]}}