
{"id":139769,"date":"2020-08-28T19:08:19","date_gmt":"2020-08-28T22:08:19","guid":{"rendered":"http:\/\/www.politicosdosuldabahia.com.br\/v1\/?p=139769"},"modified":"2020-08-28T19:08:42","modified_gmt":"2020-08-28T22:08:42","slug":"lider-da-oposicao-sandro-regis-justifica-voto-e-diz-que-bahiainsulina-e-importante-para-o-brasil","status":"publish","type":"post","link":"https:\/\/www.politicosdosuldabahia.com.br\/v1\/2020\/08\/28\/lider-da-oposicao-sandro-regis-justifica-voto-e-diz-que-bahiainsulina-e-importante-para-o-brasil\/","title":{"rendered":"L\u00cdDER DA OPOSI\u00c7\u00c3O, SANDRO REGIS JUSTIFICA VOTO E DIZ QUE BAHIAINSULINA \u00c9 IMPORTANTE PARA O BRASIL"},"content":{"rendered":"<h3 style=\"text-align: justify\"><img loading=\"lazy\" decoding=\"async\" class=\"aligncenter wp-image-139770\" src=\"http:\/\/www.politicosdosuldabahia.com.br\/v1\/wp-content\/uploads\/2020\/08\/sandro-300x169.jpg\" alt=\"sandro\" width=\"455\" height=\"256\" srcset=\"https:\/\/www.politicosdosuldabahia.com.br\/v1\/wp-content\/uploads\/2020\/08\/sandro-300x169.jpg 300w, https:\/\/www.politicosdosuldabahia.com.br\/v1\/wp-content\/uploads\/2020\/08\/sandro-768x432.jpg 768w, https:\/\/www.politicosdosuldabahia.com.br\/v1\/wp-content\/uploads\/2020\/08\/sandro.jpg 800w\" sizes=\"(max-width: 455px) 100vw, 455px\" \/><\/h3>\n<h3 style=\"text-align: justify\">O l\u00edder da oposi\u00e7\u00e3o na Assembleia Legislativa da Bahia (AL-BA), deputado Sandro R\u00e9gis (Democratas), afirmou que a cria\u00e7\u00e3o da Companhia Baiana de Insulina (Bahiainsulina), aprovada por unanimidade pelos deputados na quinta, ser\u00e1 de grande import\u00e2ncia para o Brasil. De acordo com ele, o pa\u00eds passar\u00e1 a comprar internamente e n\u00e3o precisar\u00e1 ficar a merc\u00ea de outras localidades que fabricam insulina.<\/h3>\n<h3 style=\"text-align: justify\">&#8220;O estado n\u00e3o vai entrar com nada. Fez os ajustes que tinham que ser feitos e foi votado. O projeto de insulina teve uma reuni\u00e3o virtual antes. O projeto n\u00e3o vai criar cargos, n\u00e3o \u00e9 estatal, a ind\u00fastria vai contratar, igual a Bahia G\u00e1s. O Brasil quer que essa ind\u00fastria venha para a Bahia porque o Brasil vai passar a comprar insulina aqui dentro, n\u00e3o vai ficar a merc\u00ea desses pa\u00edses que fabricam hoje em dia. \u00c9 important\u00edssimo o projeto&#8221;, afirma o deputado.<\/h3>\n<h3 style=\"text-align: justify\">Com a aprova\u00e7\u00e3o, o pr\u00f3ximo passo \u00e9 a san\u00e7\u00e3o pelo governador Rui Costa (PT), tornando concreto, ap\u00f3s tr\u00eas anos de planejamento, o projeto de constru\u00e7\u00e3o da primeira f\u00e1brica de insulina do hemisf\u00e9rio Sul do planeta, com um investimento estimado em R$ 200 milh\u00f5es, sendo 100% subsidiada pela iniciativa privada.<\/h3>\n<p>&nbsp;<\/p>\n","protected":false},"excerpt":{"rendered":"<p>O l\u00edder da oposi\u00e7\u00e3o na Assembleia Legislativa da Bahia (AL-BA), deputado Sandro R\u00e9gis (Democratas), afirmou que a cria\u00e7\u00e3o da Companhia Baiana de Insulina (Bahiainsulina), aprovada por unanimidade pelos deputados na quinta, ser\u00e1 de grande import\u00e2ncia para o Brasil. De acordo com ele, o pa\u00eds passar\u00e1 a comprar internamente e n\u00e3o precisar\u00e1 ficar a merc\u00ea de [&hellip;]<\/p>\n","protected":false},"author":992,"featured_media":0,"comment_status":"open","ping_status":"open","sticky":false,"template":"","format":"standard","meta":{"footnotes":"","_links_to":"","_links_to_target":""},"categories":[14],"tags":[],"class_list":["post-139769","post","type-post","status-publish","format-standard","hentry","category-bahia-geral"],"views":736,"_links":{"self":[{"href":"https:\/\/www.politicosdosuldabahia.com.br\/v1\/wp-json\/wp\/v2\/posts\/139769"}],"collection":[{"href":"https:\/\/www.politicosdosuldabahia.com.br\/v1\/wp-json\/wp\/v2\/posts"}],"about":[{"href":"https:\/\/www.politicosdosuldabahia.com.br\/v1\/wp-json\/wp\/v2\/types\/post"}],"author":[{"embeddable":true,"href":"https:\/\/www.politicosdosuldabahia.com.br\/v1\/wp-json\/wp\/v2\/users\/992"}],"replies":[{"embeddable":true,"href":"https:\/\/www.politicosdosuldabahia.com.br\/v1\/wp-json\/wp\/v2\/comments?post=139769"}],"version-history":[{"count":1,"href":"https:\/\/www.politicosdosuldabahia.com.br\/v1\/wp-json\/wp\/v2\/posts\/139769\/revisions"}],"predecessor-version":[{"id":139771,"href":"https:\/\/www.politicosdosuldabahia.com.br\/v1\/wp-json\/wp\/v2\/posts\/139769\/revisions\/139771"}],"wp:attachment":[{"href":"https:\/\/www.politicosdosuldabahia.com.br\/v1\/wp-json\/wp\/v2\/media?parent=139769"}],"wp:term":[{"taxonomy":"category","embeddable":true,"href":"https:\/\/www.politicosdosuldabahia.com.br\/v1\/wp-json\/wp\/v2\/categories?post=139769"},{"taxonomy":"post_tag","embeddable":true,"href":"https:\/\/www.politicosdosuldabahia.com.br\/v1\/wp-json\/wp\/v2\/tags?post=139769"}],"curies":[{"name":"wp","href":"https:\/\/api.w.org\/{rel}","templated":true}]}}