
{"id":138425,"date":"2020-07-27T10:46:32","date_gmt":"2020-07-27T13:46:32","guid":{"rendered":"http:\/\/www.politicosdosuldabahia.com.br\/v1\/?p=138425"},"modified":"2020-07-27T10:46:32","modified_gmt":"2020-07-27T13:46:32","slug":"estudantes-da-rede-estadual-recebem-terceira-parcela-do-vale-alimentacao-a-partir-desta-terca-feira-28","status":"publish","type":"post","link":"https:\/\/www.politicosdosuldabahia.com.br\/v1\/2020\/07\/27\/estudantes-da-rede-estadual-recebem-terceira-parcela-do-vale-alimentacao-a-partir-desta-terca-feira-28\/","title":{"rendered":"ESTUDANTES DA REDE ESTADUAL RECEBEM TERCEIRA PARCELA DO VALE-ALIMENTA\u00c7\u00c3O A PARTIR DESTA TER\u00c7A-FEIRA (28)"},"content":{"rendered":"<p>&nbsp;<\/p>\n<h3 style=\"text-align: justify\"><img loading=\"lazy\" decoding=\"async\" class=\"aligncenter wp-image-138426\" src=\"http:\/\/www.politicosdosuldabahia.com.br\/v1\/wp-content\/uploads\/2020\/07\/WhatsApp-Image-2020-07-27-at-10.16.08-300x199.jpeg\" alt=\"WhatsApp Image 2020-07-27 at 10.16.08\" width=\"455\" height=\"303\" srcset=\"https:\/\/www.politicosdosuldabahia.com.br\/v1\/wp-content\/uploads\/2020\/07\/WhatsApp-Image-2020-07-27-at-10.16.08-300x199.jpeg 300w, https:\/\/www.politicosdosuldabahia.com.br\/v1\/wp-content\/uploads\/2020\/07\/WhatsApp-Image-2020-07-27-at-10.16.08-768x511.jpeg 768w, https:\/\/www.politicosdosuldabahia.com.br\/v1\/wp-content\/uploads\/2020\/07\/WhatsApp-Image-2020-07-27-at-10.16.08-1024x681.jpeg 1024w, https:\/\/www.politicosdosuldabahia.com.br\/v1\/wp-content\/uploads\/2020\/07\/WhatsApp-Image-2020-07-27-at-10.16.08.jpeg 1280w\" sizes=\"(max-width: 455px) 100vw, 455px\" \/><\/h3>\n<h3 style=\"text-align: justify\">Os estudantes regularmente\u00a0 matriculados na rede estadual de ensino come\u00e7am a receber, a partir desta ter\u00e7a-feira (28), a terceira parcela do Programa Vale-Alimenta\u00e7\u00e3o Estudantil. O benef\u00edcio \u00e9 de R$ 55 por estudante e ser\u00e1 creditado nos cart\u00f5es distribu\u00eddos pelo Governo do Estado. No total, envolvendo as tr\u00eas parcelas, est\u00e3o sendo investidos R$ 132 milh\u00f5es.<\/h3>\n<h3 style=\"text-align: justify\">O secret\u00e1rio da Educa\u00e7\u00e3o do Estado, Jer\u00f4nimo Rodrigues, ressaltou a import\u00e2ncia do benef\u00edcio para os estudantes. &#8220;O Governo da Bahia investe mais R$ 44 milh\u00f5es para o pagamento da terceira parcela do Programa Vale-Alimenta\u00e7\u00e3o Estudantil, para garantir a seguran\u00e7a alimentar dos nossos estudantes que moram desde os grandes munic\u00edpios at\u00e9 \u00e0s comunidades ind\u00edgenas, quilombolas e no campo. E tudo isso utilizando recursos pr\u00f3prios que n\u00e3o estavam no or\u00e7amento de 2020, em um momento de perdas or\u00e7ament\u00e1rias e sem nenhum apoio do Governo Federal&#8221;, afirmou.<\/h3>\n<h3 style=\"text-align: justify\">As compras com o cart\u00e3o vale-alimenta\u00e7\u00e3o estudantil s\u00e3o, exclusivamente, para g\u00eaneros aliment\u00edcios, como feij\u00e3o, arroz, leite e carne, e podem ser feitas em mais de 18 mil estabelecimentos comerciais que aceitam a bandeira Alelo, nos 417 munic\u00edpios, distritos e povoados da Bahia. A Secretaria da Educa\u00e7\u00e3o do Estado da Bahia refor\u00e7a a orienta\u00e7\u00e3o para que se dirija ao supermercado apenas um membro da fam\u00edlia, seguindo todas as normas de seguran\u00e7a, como o uso de m\u00e1scaras de prote\u00e7\u00e3o individual, em fun\u00e7\u00e3o da pandemia.<\/h3>\n<h3 style=\"text-align: justify\">Aquecer a economia &#8211; As compras poder\u00e3o ser feitas em mais de 18 mil estabelecimentos em munic\u00edpios, distritos e povoados, movimentando a economia nos 417 munic\u00edpios baianos. Para saber em quais estabelecimentos (supermercados, mercadinhos, mercearias e quitandas) o cart\u00e3o-alimenta\u00e7\u00e3o estudantil \u00e9 aceito, o beneficiado pode acessar o site do cart\u00e3o Alelo. Esta e outras informa\u00e7\u00f5es tamb\u00e9m podem ser acessadas no celular, atrav\u00e9s do aplicativo &#8220;Meu Alelo&#8221;, dispon\u00edvel nas lojas &#8220;Google Play&#8221; e &#8220;APP Store&#8221;, onde o estudante tamb\u00e9m pode consultar o saldo e o extrato do cart\u00e3o.<\/h3>\n<p>&nbsp;<\/p>\n","protected":false},"excerpt":{"rendered":"<p>&nbsp; Os estudantes regularmente\u00a0 matriculados na rede estadual de ensino come\u00e7am a receber, a partir desta ter\u00e7a-feira (28), a terceira parcela do Programa Vale-Alimenta\u00e7\u00e3o Estudantil. O benef\u00edcio \u00e9 de R$ 55 por estudante e ser\u00e1 creditado nos cart\u00f5es distribu\u00eddos pelo Governo do Estado. No total, envolvendo as tr\u00eas parcelas, est\u00e3o sendo investidos R$ 132 milh\u00f5es. [&hellip;]<\/p>\n","protected":false},"author":992,"featured_media":0,"comment_status":"open","ping_status":"open","sticky":false,"template":"","format":"standard","meta":{"footnotes":"","_links_to":"","_links_to_target":""},"categories":[14],"tags":[],"class_list":["post-138425","post","type-post","status-publish","format-standard","hentry","category-bahia-geral"],"views":824,"_links":{"self":[{"href":"https:\/\/www.politicosdosuldabahia.com.br\/v1\/wp-json\/wp\/v2\/posts\/138425"}],"collection":[{"href":"https:\/\/www.politicosdosuldabahia.com.br\/v1\/wp-json\/wp\/v2\/posts"}],"about":[{"href":"https:\/\/www.politicosdosuldabahia.com.br\/v1\/wp-json\/wp\/v2\/types\/post"}],"author":[{"embeddable":true,"href":"https:\/\/www.politicosdosuldabahia.com.br\/v1\/wp-json\/wp\/v2\/users\/992"}],"replies":[{"embeddable":true,"href":"https:\/\/www.politicosdosuldabahia.com.br\/v1\/wp-json\/wp\/v2\/comments?post=138425"}],"version-history":[{"count":1,"href":"https:\/\/www.politicosdosuldabahia.com.br\/v1\/wp-json\/wp\/v2\/posts\/138425\/revisions"}],"predecessor-version":[{"id":138427,"href":"https:\/\/www.politicosdosuldabahia.com.br\/v1\/wp-json\/wp\/v2\/posts\/138425\/revisions\/138427"}],"wp:attachment":[{"href":"https:\/\/www.politicosdosuldabahia.com.br\/v1\/wp-json\/wp\/v2\/media?parent=138425"}],"wp:term":[{"taxonomy":"category","embeddable":true,"href":"https:\/\/www.politicosdosuldabahia.com.br\/v1\/wp-json\/wp\/v2\/categories?post=138425"},{"taxonomy":"post_tag","embeddable":true,"href":"https:\/\/www.politicosdosuldabahia.com.br\/v1\/wp-json\/wp\/v2\/tags?post=138425"}],"curies":[{"name":"wp","href":"https:\/\/api.w.org\/{rel}","templated":true}]}}