
{"id":136527,"date":"2020-06-10T19:31:10","date_gmt":"2020-06-10T22:31:10","guid":{"rendered":"http:\/\/www.politicosdosuldabahia.com.br\/v1\/?p=136527"},"modified":"2020-06-10T19:31:10","modified_gmt":"2020-06-10T22:31:10","slug":"agencias-de-propaganda-incentivam-criatividade-para-vencer-a-crise","status":"publish","type":"post","link":"https:\/\/www.politicosdosuldabahia.com.br\/v1\/2020\/06\/10\/agencias-de-propaganda-incentivam-criatividade-para-vencer-a-crise\/","title":{"rendered":"AG\u00caNCIAS DE PROPAGANDA INCENTIVAM CRIATIVIDADE PARA VENCER A CRISE"},"content":{"rendered":"<h4 style=\"text-align: center\"><strong><em>A campanha desenvolvida por ag\u00eancias publicit\u00e1rias associadas ao Sinapro-Bahia ressalta a import\u00e2ncia das empresas se comunicarem com os consumidores neste momento de pandemia<\/em><\/strong><\/h4>\n<h3 style=\"text-align: justify\">Apesar do isolamento social imposto pela pandemia do novo coronav\u00edrus (Covid-19), a criatividade n\u00e3o pode parar. Esse \u00e9 o mote da campanha, desenvolvida por ag\u00eancias publicit\u00e1rias associadas ao Sindicato das Ag\u00eancias de Propaganda do Estado da Bahia (Sinapro-Bahia), nas cidades de Itabuna e Ilh\u00e9us, na regi\u00e3o Sul do estado. No v\u00eddeo, os executivos das ag\u00eancias Art 3 Propaganda (Itabuna), Avoar Comunica\u00e7\u00e3o (Ilh\u00e9us), RCM Propaganda (Itabuna) e Vis\u00e3o Propaganda (Itabuna), ressaltam a import\u00e2ncia das empresas se comunicarem com os consumidores neste momento de crise.<\/h3>\n<h3 style=\"text-align: justify\">\u201cA gente quer transmitir uma mensagem positiva e criativa de que estamos antenados e prontos para assessorar nossos clientes a enfrentar este momento da melhor forma poss\u00edvel, com rapidez, criatividade, \u00e9tica e eleg\u00e2ncia\u201d<em>,<\/em> explica o delegado Regional Sul do Sinapro-Bahia, Ti\u00e3o Barros. O v\u00eddeo, que ser\u00e1 veiculado pelas TVs Santa Cruz\/Rede Bahia e RecordTV Cabr\u00e1lia, e nas redes sociais, foi editado pela produtora \u00cdcone Audiovisual.<\/h3>\n<h3 style=\"text-align: justify\">A campanha conta com depoimentos de: Lorenna Caldas, CEO da Avoar Comunica\u00e7\u00e3o; Rui Carvalho e Thiago Novoa, diretores da RCM Propaganda; Silvio Roberto Oliveira, diretor da Vis\u00e3o Propaganda; Rose Souza e Ti\u00e3o Barros, diretores da Art3 Propaganda; e Marcella Benedicts, gerente de Atendimento Extremo Sul da Avoar Comunica\u00e7\u00e3o.<\/h3>\n","protected":false},"excerpt":{"rendered":"<p>A campanha desenvolvida por ag\u00eancias publicit\u00e1rias associadas ao Sinapro-Bahia ressalta a import\u00e2ncia das empresas se comunicarem com os consumidores neste momento de pandemia Apesar do isolamento social imposto pela pandemia do novo coronav\u00edrus (Covid-19), a criatividade n\u00e3o pode parar. Esse \u00e9 o mote da campanha, desenvolvida por ag\u00eancias publicit\u00e1rias associadas ao Sindicato das Ag\u00eancias de [&hellip;]<\/p>\n","protected":false},"author":992,"featured_media":0,"comment_status":"open","ping_status":"open","sticky":false,"template":"","format":"standard","meta":{"footnotes":"","_links_to":"","_links_to_target":""},"categories":[14],"tags":[],"class_list":["post-136527","post","type-post","status-publish","format-standard","hentry","category-bahia-geral"],"views":832,"_links":{"self":[{"href":"https:\/\/www.politicosdosuldabahia.com.br\/v1\/wp-json\/wp\/v2\/posts\/136527"}],"collection":[{"href":"https:\/\/www.politicosdosuldabahia.com.br\/v1\/wp-json\/wp\/v2\/posts"}],"about":[{"href":"https:\/\/www.politicosdosuldabahia.com.br\/v1\/wp-json\/wp\/v2\/types\/post"}],"author":[{"embeddable":true,"href":"https:\/\/www.politicosdosuldabahia.com.br\/v1\/wp-json\/wp\/v2\/users\/992"}],"replies":[{"embeddable":true,"href":"https:\/\/www.politicosdosuldabahia.com.br\/v1\/wp-json\/wp\/v2\/comments?post=136527"}],"version-history":[{"count":1,"href":"https:\/\/www.politicosdosuldabahia.com.br\/v1\/wp-json\/wp\/v2\/posts\/136527\/revisions"}],"predecessor-version":[{"id":136528,"href":"https:\/\/www.politicosdosuldabahia.com.br\/v1\/wp-json\/wp\/v2\/posts\/136527\/revisions\/136528"}],"wp:attachment":[{"href":"https:\/\/www.politicosdosuldabahia.com.br\/v1\/wp-json\/wp\/v2\/media?parent=136527"}],"wp:term":[{"taxonomy":"category","embeddable":true,"href":"https:\/\/www.politicosdosuldabahia.com.br\/v1\/wp-json\/wp\/v2\/categories?post=136527"},{"taxonomy":"post_tag","embeddable":true,"href":"https:\/\/www.politicosdosuldabahia.com.br\/v1\/wp-json\/wp\/v2\/tags?post=136527"}],"curies":[{"name":"wp","href":"https:\/\/api.w.org\/{rel}","templated":true}]}}