
{"id":135783,"date":"2020-05-22T19:22:57","date_gmt":"2020-05-22T22:22:57","guid":{"rendered":"http:\/\/www.politicosdosuldabahia.com.br\/v1\/?p=135783"},"modified":"2020-05-22T19:22:57","modified_gmt":"2020-05-22T22:22:57","slug":"bahia-governador-anuncia-antecipacao-de-feriados","status":"publish","type":"post","link":"https:\/\/www.politicosdosuldabahia.com.br\/v1\/2020\/05\/22\/bahia-governador-anuncia-antecipacao-de-feriados\/","title":{"rendered":"BAHIA: GOVERNADOR ANUNCIA ANTECIPA\u00c7\u00c3O DE FERIADOS"},"content":{"rendered":"<h3 style=\"text-align: justify\"><img loading=\"lazy\" decoding=\"async\" class=\"aligncenter wp-image-135784\" src=\"http:\/\/www.politicosdosuldabahia.com.br\/v1\/wp-content\/uploads\/2020\/05\/WhatsApp-Image-2020-05-22-at-18.21.51-300x200.jpeg\" alt=\"WhatsApp Image 2020-05-22 at 18.21.51\" width=\"455\" height=\"303\" srcset=\"https:\/\/www.politicosdosuldabahia.com.br\/v1\/wp-content\/uploads\/2020\/05\/WhatsApp-Image-2020-05-22-at-18.21.51-300x200.jpeg 300w, https:\/\/www.politicosdosuldabahia.com.br\/v1\/wp-content\/uploads\/2020\/05\/WhatsApp-Image-2020-05-22-at-18.21.51.jpeg 500w\" sizes=\"(max-width: 455px) 100vw, 455px\" \/><\/h3>\n<h3 style=\"text-align: justify\">O governador Rui Costa anunciou durante pronunciamento, nesta sexta-feira (22), a antecipa\u00e7\u00e3o de feriados em Salvador e interior da Bahia. A informa\u00e7\u00e3o foi divulgada em videoconfer\u00eancia conjunta com o prefeito ACM Neto. Logo ap\u00f3s an\u00fancio, o governador se reuniu com os gestores de alguns munic\u00edpios do interior.<\/h3>\n<h3 style=\"text-align: justify\">Rui Costa definiu que ser\u00e3o antecipadas duas datas de comemora\u00e7\u00e3o regional, sendo 24 de junho e 02 de julho, S\u00e3o Jo\u00e3o e Independ\u00eancia da Bahia. As datas foram transferidas para os dias 25 e 26 de maio, respectivamente, em toda a Bahia. Na quarta-feira, dia 27 de maio, os munic\u00edpios baianos que desejarem poder\u00e3o decretar feriado municipal. Em Salvador, por exemplo, o prefeito ACM Neto, antecipou o feriado de 08 de dezembro, referente aos festejos de Nossa Senhora da Concei\u00e7\u00e3o da Praia para o dia 27\/05.<\/h3>\n<h3 style=\"text-align: justify\">Para os dias 28 e 29 de maio (quinta e sexta-feira ), o Governo do Estado publicar\u00e1 decreto com a suspens\u00e3o dos servi\u00e7os n\u00e3o essenciais em nove cidades com mais de cem casos confirmados da Covid-19, s\u00e3o elas: Salvador, Feira de Santana, Lauro de Freitas, Itabuna, Ilh\u00e9us, Jequi\u00e9, Candeias, Ipia\u00fa e Cama\u00e7ari. Nestes locais, nos dias 28 e 29\/05, ser\u00e1 permitido apenas o funcionamento das ag\u00eancias banc\u00e1rias, farm\u00e1cias, ind\u00fastrias, limpeza p\u00fablica, manuten\u00e7\u00e3o urbana, supermercados e outros servi\u00e7os relacionados a sa\u00fade e seguran\u00e7a.<\/h3>\n<h3 style=\"text-align: justify\">O governador Rui Costa informou que o decreto para antecipa\u00e7\u00e3o dos feriados de alcance estadual ser\u00e1 encaminhado \u00e0 Assembleia Legislativa da Bahia e h\u00e1 previs\u00e3o para vota\u00e7\u00e3o neste s\u00e1bado (23). Rui Costa destacou que esta antecipa\u00e7\u00e3o tem por finalidade reduzir a taxa de dissemina\u00e7\u00e3o do novo coronav\u00edrus, que hoje est\u00e1 em pouco mais de 5% na Bahia. \u201cAdotamos como crit\u00e9rio para escolha dos munic\u00edpios , aqueles que tenham mais de cem casos confirmados do novo coronav\u00edrus. Entretanto, outros munic\u00edpios que tenham interesse na antecipa\u00e7\u00e3o dos feriados [para a quarta-feira, 27] poder\u00e3o faz\u00ea-lo e ter\u00e3o o apoio do Governo do Estado no que for necess\u00e1rio\u201d.<\/h3>\n","protected":false},"excerpt":{"rendered":"<p>O governador Rui Costa anunciou durante pronunciamento, nesta sexta-feira (22), a antecipa\u00e7\u00e3o de feriados em Salvador e interior da Bahia. A informa\u00e7\u00e3o foi divulgada em videoconfer\u00eancia conjunta com o prefeito ACM Neto. Logo ap\u00f3s an\u00fancio, o governador se reuniu com os gestores de alguns munic\u00edpios do interior. Rui Costa definiu que ser\u00e3o antecipadas duas datas [&hellip;]<\/p>\n","protected":false},"author":992,"featured_media":0,"comment_status":"open","ping_status":"open","sticky":false,"template":"","format":"standard","meta":{"footnotes":"","_links_to":"","_links_to_target":""},"categories":[14],"tags":[],"class_list":["post-135783","post","type-post","status-publish","format-standard","hentry","category-bahia-geral"],"views":1093,"_links":{"self":[{"href":"https:\/\/www.politicosdosuldabahia.com.br\/v1\/wp-json\/wp\/v2\/posts\/135783"}],"collection":[{"href":"https:\/\/www.politicosdosuldabahia.com.br\/v1\/wp-json\/wp\/v2\/posts"}],"about":[{"href":"https:\/\/www.politicosdosuldabahia.com.br\/v1\/wp-json\/wp\/v2\/types\/post"}],"author":[{"embeddable":true,"href":"https:\/\/www.politicosdosuldabahia.com.br\/v1\/wp-json\/wp\/v2\/users\/992"}],"replies":[{"embeddable":true,"href":"https:\/\/www.politicosdosuldabahia.com.br\/v1\/wp-json\/wp\/v2\/comments?post=135783"}],"version-history":[{"count":1,"href":"https:\/\/www.politicosdosuldabahia.com.br\/v1\/wp-json\/wp\/v2\/posts\/135783\/revisions"}],"predecessor-version":[{"id":135785,"href":"https:\/\/www.politicosdosuldabahia.com.br\/v1\/wp-json\/wp\/v2\/posts\/135783\/revisions\/135785"}],"wp:attachment":[{"href":"https:\/\/www.politicosdosuldabahia.com.br\/v1\/wp-json\/wp\/v2\/media?parent=135783"}],"wp:term":[{"taxonomy":"category","embeddable":true,"href":"https:\/\/www.politicosdosuldabahia.com.br\/v1\/wp-json\/wp\/v2\/categories?post=135783"},{"taxonomy":"post_tag","embeddable":true,"href":"https:\/\/www.politicosdosuldabahia.com.br\/v1\/wp-json\/wp\/v2\/tags?post=135783"}],"curies":[{"name":"wp","href":"https:\/\/api.w.org\/{rel}","templated":true}]}}