
{"id":135412,"date":"2020-05-15T13:28:11","date_gmt":"2020-05-15T16:28:11","guid":{"rendered":"http:\/\/www.politicosdosuldabahia.com.br\/v1\/?p=135412"},"modified":"2020-05-15T13:28:40","modified_gmt":"2020-05-15T16:28:40","slug":"itabuna-no-bom-dia-bahia-davidson-vinicius-ibrann-velanes-e-elson-buscam-saida-economica-para-a-regiao-pos-pandemia","status":"publish","type":"post","link":"https:\/\/www.politicosdosuldabahia.com.br\/v1\/2020\/05\/15\/itabuna-no-bom-dia-bahia-davidson-vinicius-ibrann-velanes-e-elson-buscam-saida-economica-para-a-regiao-pos-pandemia\/","title":{"rendered":"ITABUNA:  NO \u201cBOM DIA BAHIA\u201d,  DAVIDSON, VIN\u00cdCIUS IBRANN, VELANES E ELSON BUSCAM SA\u00cdDA ECON\u00d4MICA PARA A REGI\u00c3O P\u00d3S-PANDEMIA"},"content":{"rendered":"<h3 style=\"text-align: justify\"><img loading=\"lazy\" decoding=\"async\" class=\"aligncenter wp-image-135413\" src=\"http:\/\/www.politicosdosuldabahia.com.br\/v1\/wp-content\/uploads\/2020\/05\/WhatsApp-Image-2020-05-14-at-12.24.53-300x225.jpeg\" alt=\"WhatsApp Image 2020-05-14 at 12.24.53\" width=\"455\" height=\"342\" srcset=\"https:\/\/www.politicosdosuldabahia.com.br\/v1\/wp-content\/uploads\/2020\/05\/WhatsApp-Image-2020-05-14-at-12.24.53-300x225.jpeg 300w, https:\/\/www.politicosdosuldabahia.com.br\/v1\/wp-content\/uploads\/2020\/05\/WhatsApp-Image-2020-05-14-at-12.24.53-400x300.jpeg 400w, https:\/\/www.politicosdosuldabahia.com.br\/v1\/wp-content\/uploads\/2020\/05\/WhatsApp-Image-2020-05-14-at-12.24.53.jpeg 666w\" sizes=\"(max-width: 455px) 100vw, 455px\" \/><br \/>\nDavidson Magalh\u00e3es, S\u00e9rgio Velanes, Vinicius Ibrann e Elson Mira discutir\u00e3o, na manh\u00e3 no pr\u00f3ximo s\u00e1bado, do 16, as sa\u00eddas para a crise econ\u00f4mica vivida pelos munic\u00edpios da regi\u00e3o sul da Bahia causada pela pandemia do novo coronav\u00edrus. Eles participa\u00e7\u00e3o da quarta rodada de entrevistas produzidas pelo programa \u201cBom Dia Bahia\u201d, que vai a partir das oito da manh\u00e3 dos s\u00e1bados na R\u00e1dio Difusora de Itabuna AM-640.<\/h3>\n<h3 style=\"text-align: justify\">Durante o programa, o secret\u00e1rio estadual do Trabalho, Emprego, Renda e Esporte; o presidente da Associa\u00e7\u00e3o Comercial e Empresarial de Itabuna; o prefeito de Buerarema e o professor de Economia da Uesc-Universidade Estadual de Santa Cruz v\u00e3o dizer como a autoridades baianas est\u00e3o administrando a atual crise e como planejam a recupera\u00e7\u00e3o econ\u00f4mica do sul da Bahia.<\/h3>\n<h3 style=\"text-align: justify\">\u201cA proposta do \u201cBom Dia Bahia\u2019 \u00e9 reunir autoridades e especialistas para discutir analisar o nosso presente e discutir o nosso futuro. Queremos mostrar aos nossos ouvintes quais os projetos para gerar emprego e renda, e reaquecer a economia cacaueira\u201d, afirmou o advogado Andirlei Nascimento, dia apresentadores do programa. \u201cA popula\u00e7\u00e3o deseja saber o que o Governo do Estado, as Prefeituras, empres\u00e1rios, economistas e trabalhadores est\u00e3o fazendo para elaborar e executar um plano de recupera\u00e7\u00e3o econ\u00f4mica p\u00f3s-pandemia\u201d, acrescentou.<\/h3>\n<h3 style=\"text-align: justify\">As entrevistas est\u00e3o ocorrendo em ambiente online, via plataforma Zoom, com a participa\u00e7\u00e3o do secret\u00e1rio-executivo da Amurc-Associa\u00e7\u00e3o dos Munic\u00edpios do Sul, Extremo-sul e Sudoeste da Bahia, Luciano Veiga. Os ouvintes poder\u00e3o interagir por meio do WhatsApp 73 98889-1909.<\/h3>\n<h3 style=\"text-align: justify\">Apresentado por Ederivaldo Benedito-Ben\u00e9 e Dr. Andirlei Nascimento, tendo Sheila Lima como operadora de \u00e1udio, o \u201cBom Dia Bahia\u201d vai ao ar aos s\u00e1bados, das oito \u00e0s dez e meia da manh\u00e3, pela Difusora de Itabuna AM-640. O link da emissora \u00e9 http:\/\/www.radiodifusoraam.com.br\/.<\/h3>\n","protected":false},"excerpt":{"rendered":"<p>Davidson Magalh\u00e3es, S\u00e9rgio Velanes, Vinicius Ibrann e Elson Mira discutir\u00e3o, na manh\u00e3 no pr\u00f3ximo s\u00e1bado, do 16, as sa\u00eddas para a crise econ\u00f4mica vivida pelos munic\u00edpios da regi\u00e3o sul da Bahia causada pela pandemia do novo coronav\u00edrus. Eles participa\u00e7\u00e3o da quarta rodada de entrevistas produzidas pelo programa \u201cBom Dia Bahia\u201d, que vai a partir das [&hellip;]<\/p>\n","protected":false},"author":992,"featured_media":0,"comment_status":"open","ping_status":"open","sticky":false,"template":"","format":"standard","meta":{"footnotes":"","_links_to":"","_links_to_target":""},"categories":[23],"tags":[],"class_list":["post-135412","post","type-post","status-publish","format-standard","hentry","category-destaque1"],"views":877,"_links":{"self":[{"href":"https:\/\/www.politicosdosuldabahia.com.br\/v1\/wp-json\/wp\/v2\/posts\/135412"}],"collection":[{"href":"https:\/\/www.politicosdosuldabahia.com.br\/v1\/wp-json\/wp\/v2\/posts"}],"about":[{"href":"https:\/\/www.politicosdosuldabahia.com.br\/v1\/wp-json\/wp\/v2\/types\/post"}],"author":[{"embeddable":true,"href":"https:\/\/www.politicosdosuldabahia.com.br\/v1\/wp-json\/wp\/v2\/users\/992"}],"replies":[{"embeddable":true,"href":"https:\/\/www.politicosdosuldabahia.com.br\/v1\/wp-json\/wp\/v2\/comments?post=135412"}],"version-history":[{"count":2,"href":"https:\/\/www.politicosdosuldabahia.com.br\/v1\/wp-json\/wp\/v2\/posts\/135412\/revisions"}],"predecessor-version":[{"id":135415,"href":"https:\/\/www.politicosdosuldabahia.com.br\/v1\/wp-json\/wp\/v2\/posts\/135412\/revisions\/135415"}],"wp:attachment":[{"href":"https:\/\/www.politicosdosuldabahia.com.br\/v1\/wp-json\/wp\/v2\/media?parent=135412"}],"wp:term":[{"taxonomy":"category","embeddable":true,"href":"https:\/\/www.politicosdosuldabahia.com.br\/v1\/wp-json\/wp\/v2\/categories?post=135412"},{"taxonomy":"post_tag","embeddable":true,"href":"https:\/\/www.politicosdosuldabahia.com.br\/v1\/wp-json\/wp\/v2\/tags?post=135412"}],"curies":[{"name":"wp","href":"https:\/\/api.w.org\/{rel}","templated":true}]}}