
{"id":135240,"date":"2020-05-12T11:47:06","date_gmt":"2020-05-12T14:47:06","guid":{"rendered":"http:\/\/www.politicosdosuldabahia.com.br\/v1\/?p=135240"},"modified":"2020-05-12T12:01:47","modified_gmt":"2020-05-12T15:01:47","slug":"mais-19-cidades-baianas-tem-transporte-suspenso-total-chega-a-128","status":"publish","type":"post","link":"https:\/\/www.politicosdosuldabahia.com.br\/v1\/2020\/05\/12\/mais-19-cidades-baianas-tem-transporte-suspenso-total-chega-a-128\/","title":{"rendered":"MAIS 19 CIDADES BAIANAS T\u00caM TRANSPORTE SUSPENSO; TOTAL CHEGA A 128"},"content":{"rendered":"<h3 style=\"text-align: justify\">O transporte intermunicipal ser\u00e1 suspenso em 19 cidades baianas a partir de quarta-feira (13). A decis\u00e3o inclui Amargosa, Anguera, Barrocas, Cachoeira, Capela do Alto Alegre, Capim Grosso, Dom Bas\u00edlio, Irar\u00e1, Irec\u00ea, Itapicuru, Itapitanga, Lu\u00eds Eduardo Magalh\u00e3es, Manoel Vitorino, Potiragu\u00e1, Presidente Dutra, Presidente Tancredo Neves, Santo Estev\u00e3o, S\u00e3o F\u00e9lix e Umburanas.<\/h3>\n<h3 style=\"text-align: justify\">Ficam suspensas nesses munic\u00edpios a circula\u00e7\u00e3o, a sa\u00edda e a chegada de qualquer transporte intermunicipal, p\u00fablico e privado, rodovi\u00e1rio e hidrovi\u00e1rio, nas modalidades regular, fretamento, complementar, alternativo e de vans. A medida, que foi publicada em decreto no Di\u00e1rio Oficial do Estado (DOE) desta ter\u00e7a-feira (12), tem o objetivo de conter o avan\u00e7o do coronav\u00edrus na popula\u00e7\u00e3o baiana.<\/h3>\n<h3 style=\"text-align: justify\">O decreto tamb\u00e9m autoriza a retomada do transporte intermunicipal em Am\u00e9lia Rodrigues, Barro Preto, Catu, Ibotirama, Itamari, Mucug\u00ea, Santaluz e S\u00e3o Jos\u00e9 da Vit\u00f3ria, cidades com 14 dias ou mais sem novos casos de covid-19.<\/h3>\n<h3 style=\"text-align: justify\"><strong>Cidades com transporte suspenso<\/strong><\/h3>\n<h3 style=\"text-align: justify\">No total, a Baia possui 128 munic\u00edpios com restri\u00e7\u00e3o no transporte. S\u00e3o eles: Aba\u00edra, Aiquara, Alagoinhas, Amargosa, Anguera, Aracatu, Arataca, Barra do Cho\u00e7a, Barreiras, Barrocas, Boa Vista do Tupim, Buerarema, Cachoeira, Caetanos, Caldeir\u00e3o Grande, Camac\u00e3, Cama\u00e7ari, Camamu, Campo Alegre de Lourdes, Canavieiras, Candeias, Capela do Alto Alegre, Capim Grosso, Castro Alves, Coaraci, Concei\u00e7\u00e3o do Coit\u00e9, Cora\u00e7\u00e3o de Maria, Cruz das Almas, Cura\u00e7\u00e1, D\u00e1rio Meira, Dias D&#8217;\u00c1vila, Dom Bas\u00edlio, Eun\u00e1polis, Feira de Santana, Gandu, Governador Mangabeira, Guaratinga, Ibicara\u00ed, Ibirapitanga, Ibirataia, Ilh\u00e9us, Ipia\u00fa, Irar\u00e1, Irec\u00ea, Itaberaba, Itabuna, Itacar\u00e9, Itagib\u00e1, Itaju\u00edpe, Itaparica, Itap\u00e9, Itapetinga, Itapicuru, Itapitanga, Itatim, Ituber\u00e1, Jacobina, Jaguarari, Jequi\u00e9, Jita\u00fana, Juazeiro, Jussari, Jussiape, Laje, Lajedo do Tabocal, Lauro de Freitas, Livramento de Nossa Senhora, Lu\u00eds Eduardo Magalh\u00e3es, Madre de Deus e Manoel Vitorino.<\/h3>\n<h3 style=\"text-align: justify\">Tamb\u00e9m est\u00e3o com transporte suspenso: Marac\u00e1s, Maragogipe, Mara\u00fa, Mata de S\u00e3o Jo\u00e3o, Morpar\u00e1, Nazar\u00e9, Nilo Pe\u00e7anha, Nordestina, Nova Soure, Nova Vi\u00e7osa, Oliveira dos Brejinhos, Paramirim, Pau Brasil, Paulo Afonso, Pil\u00e3o Arcado, Pojuca, Porto Seguro, Potiragu\u00e1, Presidente Dutra, Presidente Tancredo Neves, Rafael Jambeiro, Remanso, Retirol\u00e2ndia, Ribeira do Pombal, Rio Real, Salvador, Santa B\u00e1rbara, Santa Cruz Cabr\u00e1lia, Santa Teresinha, Santan\u00f3polis, Santo Amaro, Santo Ant\u00f4nio de Jesus, Santo Estev\u00e3o, S\u00e3o Felipe, S\u00e3o F\u00e9lix, S\u00e3o Francisco do Conde, S\u00e3o Gon\u00e7alo dos Campos, S\u00e3o Sebasti\u00e3o do Pass\u00e9, S\u00e1tiro Dias, Saubara, Seabra, Serra do Ramalho, Serrinha, Serrol\u00e2ndia, Sim\u00f5es Filho, Tapero\u00e1, Teixeira de Freitas, Tucano, Ubaitaba, Ubat\u00e3, Umburanas, Una, Uru\u00e7uca, Valen\u00e7a, Valente, V\u00e1rzea Nova, Vera Cruz e Vit\u00f3ria da Conquista.<\/h3>\n","protected":false},"excerpt":{"rendered":"<p>O transporte intermunicipal ser\u00e1 suspenso em 19 cidades baianas a partir de quarta-feira (13). A decis\u00e3o inclui Amargosa, Anguera, Barrocas, Cachoeira, Capela do Alto Alegre, Capim Grosso, Dom Bas\u00edlio, Irar\u00e1, Irec\u00ea, Itapicuru, Itapitanga, Lu\u00eds Eduardo Magalh\u00e3es, Manoel Vitorino, Potiragu\u00e1, Presidente Dutra, Presidente Tancredo Neves, Santo Estev\u00e3o, S\u00e3o F\u00e9lix e Umburanas. Ficam suspensas nesses munic\u00edpios a [&hellip;]<\/p>\n","protected":false},"author":992,"featured_media":0,"comment_status":"open","ping_status":"open","sticky":false,"template":"","format":"standard","meta":{"footnotes":"","_links_to":"","_links_to_target":""},"categories":[14],"tags":[],"class_list":["post-135240","post","type-post","status-publish","format-standard","hentry","category-bahia-geral"],"views":813,"_links":{"self":[{"href":"https:\/\/www.politicosdosuldabahia.com.br\/v1\/wp-json\/wp\/v2\/posts\/135240"}],"collection":[{"href":"https:\/\/www.politicosdosuldabahia.com.br\/v1\/wp-json\/wp\/v2\/posts"}],"about":[{"href":"https:\/\/www.politicosdosuldabahia.com.br\/v1\/wp-json\/wp\/v2\/types\/post"}],"author":[{"embeddable":true,"href":"https:\/\/www.politicosdosuldabahia.com.br\/v1\/wp-json\/wp\/v2\/users\/992"}],"replies":[{"embeddable":true,"href":"https:\/\/www.politicosdosuldabahia.com.br\/v1\/wp-json\/wp\/v2\/comments?post=135240"}],"version-history":[{"count":3,"href":"https:\/\/www.politicosdosuldabahia.com.br\/v1\/wp-json\/wp\/v2\/posts\/135240\/revisions"}],"predecessor-version":[{"id":135243,"href":"https:\/\/www.politicosdosuldabahia.com.br\/v1\/wp-json\/wp\/v2\/posts\/135240\/revisions\/135243"}],"wp:attachment":[{"href":"https:\/\/www.politicosdosuldabahia.com.br\/v1\/wp-json\/wp\/v2\/media?parent=135240"}],"wp:term":[{"taxonomy":"category","embeddable":true,"href":"https:\/\/www.politicosdosuldabahia.com.br\/v1\/wp-json\/wp\/v2\/categories?post=135240"},{"taxonomy":"post_tag","embeddable":true,"href":"https:\/\/www.politicosdosuldabahia.com.br\/v1\/wp-json\/wp\/v2\/tags?post=135240"}],"curies":[{"name":"wp","href":"https:\/\/api.w.org\/{rel}","templated":true}]}}