
{"id":134861,"date":"2020-05-03T18:56:38","date_gmt":"2020-05-03T21:56:38","guid":{"rendered":"http:\/\/www.politicosdosuldabahia.com.br\/v1\/?p=134861"},"modified":"2020-05-03T18:56:38","modified_gmt":"2020-05-03T21:56:38","slug":"ilheus-governo-do-estado-envia-barracas-mascaras-e-alcool-a-70-para-feirantes","status":"publish","type":"post","link":"https:\/\/www.politicosdosuldabahia.com.br\/v1\/2020\/05\/03\/ilheus-governo-do-estado-envia-barracas-mascaras-e-alcool-a-70-para-feirantes\/","title":{"rendered":"ILH\u00c9US: GOVERNO DO ESTADO ENVIA BARRACAS, M\u00c1SCARAS E \u00c1LCOOL A 70% PARA FEIRANTES"},"content":{"rendered":"<h3 style=\"text-align: justify\"><img loading=\"lazy\" decoding=\"async\" class=\"aligncenter wp-image-134862\" src=\"http:\/\/www.politicosdosuldabahia.com.br\/v1\/wp-content\/uploads\/2020\/05\/WhatsApp-Image-2020-05-03-at-13.09.00-300x164.jpeg\" alt=\"WhatsApp Image 2020-05-03 at 13.09.00\" width=\"455\" height=\"248\" srcset=\"https:\/\/www.politicosdosuldabahia.com.br\/v1\/wp-content\/uploads\/2020\/05\/WhatsApp-Image-2020-05-03-at-13.09.00-300x164.jpeg 300w, https:\/\/www.politicosdosuldabahia.com.br\/v1\/wp-content\/uploads\/2020\/05\/WhatsApp-Image-2020-05-03-at-13.09.00.jpeg 600w\" sizes=\"(max-width: 455px) 100vw, 455px\" \/><\/h3>\n<h3 style=\"text-align: justify\">O Governo do Estado enviou, neste domingo (03), 100 barracas, 1.200 m\u00e1scaras reutiliz\u00e1veis e 100 frascos de \u00e1lcool em gel a 70% para serem distribu\u00eddos aos feirantes da Central de Abastecimento de Ilh\u00e9us, que teve abertura autorizada ap\u00f3s os ajustes determinados pela Vigil\u00e2ncia Sanit\u00e1ria do Estado. A a\u00e7\u00e3o tem como objetivo ofertar mais seguran\u00e7a para o funcionamento do local, em virtude da pandemia do novo Coronav\u00edrus.<\/h3>\n<h3 style=\"text-align: justify\">\nA distribui\u00e7\u00e3o dos materiais ser\u00e1 realizada pela Prefeitura Municipal de Ilh\u00e9us, para uso dos feirantes de acordo com protocolo da Secretaria de Sa\u00fade do Estado da Bahia (Sesab). De acordo com o Comandante Geral do Corpo de Bombeiros Militar da Bahia, coronel Francisco Telles, a corpora\u00e7\u00e3o realizar\u00e1 uma desinfec\u00e7\u00e3o preventiva no local.<\/h3>\n<h3 style=\"text-align: justify\">\n\u201cEsta \u00e9 uma importante a\u00e7\u00e3o que faz parte da pol\u00edtica da Secretaria de Desenvolvimento Rural em ajudar os munic\u00edpios, organizando e adotando medidas para o funcionamento das feiras, com a parceria das secretarias do Planejamento e Desenvolvimento Econ\u00f4mico\u201d, ressalta o secret\u00e1rio estadual do Planejamento, Walter Pinheiro.<\/h3>\n","protected":false},"excerpt":{"rendered":"<p>O Governo do Estado enviou, neste domingo (03), 100 barracas, 1.200 m\u00e1scaras reutiliz\u00e1veis e 100 frascos de \u00e1lcool em gel a 70% para serem distribu\u00eddos aos feirantes da Central de Abastecimento de Ilh\u00e9us, que teve abertura autorizada ap\u00f3s os ajustes determinados pela Vigil\u00e2ncia Sanit\u00e1ria do Estado. A a\u00e7\u00e3o tem como objetivo ofertar mais seguran\u00e7a para [&hellip;]<\/p>\n","protected":false},"author":992,"featured_media":0,"comment_status":"open","ping_status":"open","sticky":false,"template":"","format":"standard","meta":{"footnotes":"","_links_to":"","_links_to_target":""},"categories":[14,3],"tags":[],"class_list":["post-134861","post","type-post","status-publish","format-standard","hentry","category-bahia-geral","category-cidades"],"views":956,"_links":{"self":[{"href":"https:\/\/www.politicosdosuldabahia.com.br\/v1\/wp-json\/wp\/v2\/posts\/134861"}],"collection":[{"href":"https:\/\/www.politicosdosuldabahia.com.br\/v1\/wp-json\/wp\/v2\/posts"}],"about":[{"href":"https:\/\/www.politicosdosuldabahia.com.br\/v1\/wp-json\/wp\/v2\/types\/post"}],"author":[{"embeddable":true,"href":"https:\/\/www.politicosdosuldabahia.com.br\/v1\/wp-json\/wp\/v2\/users\/992"}],"replies":[{"embeddable":true,"href":"https:\/\/www.politicosdosuldabahia.com.br\/v1\/wp-json\/wp\/v2\/comments?post=134861"}],"version-history":[{"count":1,"href":"https:\/\/www.politicosdosuldabahia.com.br\/v1\/wp-json\/wp\/v2\/posts\/134861\/revisions"}],"predecessor-version":[{"id":134863,"href":"https:\/\/www.politicosdosuldabahia.com.br\/v1\/wp-json\/wp\/v2\/posts\/134861\/revisions\/134863"}],"wp:attachment":[{"href":"https:\/\/www.politicosdosuldabahia.com.br\/v1\/wp-json\/wp\/v2\/media?parent=134861"}],"wp:term":[{"taxonomy":"category","embeddable":true,"href":"https:\/\/www.politicosdosuldabahia.com.br\/v1\/wp-json\/wp\/v2\/categories?post=134861"},{"taxonomy":"post_tag","embeddable":true,"href":"https:\/\/www.politicosdosuldabahia.com.br\/v1\/wp-json\/wp\/v2\/tags?post=134861"}],"curies":[{"name":"wp","href":"https:\/\/api.w.org\/{rel}","templated":true}]}}