
{"id":134701,"date":"2020-04-29T15:18:09","date_gmt":"2020-04-29T18:18:09","guid":{"rendered":"http:\/\/www.politicosdosuldabahia.com.br\/v1\/?p=134701"},"modified":"2020-04-29T15:34:14","modified_gmt":"2020-04-29T18:34:14","slug":"bahia-registra-2-646-casos-confirmados-do-novo-coronavirus-e-registra-97-obitos","status":"publish","type":"post","link":"https:\/\/www.politicosdosuldabahia.com.br\/v1\/2020\/04\/29\/bahia-registra-2-646-casos-confirmados-do-novo-coronavirus-e-registra-97-obitos\/","title":{"rendered":"BAHIA REGISTRA 2.646 CASOS CONFIRMADOS DO NOVO CORONAV\u00cdRUS E REGISTRA 97 \u00d3BITOS"},"content":{"rendered":"<div>\n<h3 style=\"text-align: justify\">A Bahia registra 2.646 casos confirmados do novo coronav\u00edrus (Covid-19). Considerando o n\u00famero de 544 pacientes recuperados e 97 \u00f3bitos, 2.005 pessoas permanecem monitoradas pela vigil\u00e2ncia epidemiol\u00f3gica e com sintomas da Covid-19, o que s\u00e3o chamados de casos ativos.<\/h3>\n<h3 style=\"text-align: justify\">No momento, 265 pacientes confirmados para Covid-19 em toda a Bahia encontram-se internados, sendo 80 em UTI. O boletim epidemiol\u00f3gico registra 7.929 casos descartados e 14.276 notifica\u00e7\u00f5es. Existem hoje 203 profissionais de sa\u00fade positivos para coronav\u00edrus. Estes dados representam notifica\u00e7\u00f5es oficiais compiladas pelo Centro de Informa\u00e7\u00f5es Estrat\u00e9gicas em Vigil\u00e2ncia em Sa\u00fade da Bahia (Cievs-BA), em conjunto com os Cievs municipais.<\/h3>\n<h3 style=\"text-align: justify\"><strong>\u00a0\u00d3bitos<\/strong><\/h3>\n<h3 style=\"text-align: justify\">A Secretaria da Sa\u00fade do Estado da Bahia (Sesab) contabiliza 97 mortes pelo coronav\u00edrus nos seguintes munic\u00edpios: Adustina (1); \u00c1gua Fria (1); Araci (1); Belmonte (1); Cama\u00e7ari (1); Capim Grosso (1); Catu (1), sendo que a paciente foi contaminada na capital baiana; Feira de Santana (1); Gongogi (2); Ilh\u00e9us (4); Ipia\u00fa (2); Itabuna (3); Itagib\u00e1 (1); Itap\u00e9 (1); Itapetinga (2); Juazeiro (1); Lauro de Freitas (5), um dos \u00f3bitos era residente no Rio de Janeiro; Nilo Pe\u00e7anha (1); Salvador (59); Uru\u00e7uca (4); Utinga (1); Vit\u00f3ria da Conquista (3). Estes n\u00fameros contabilizam todos os registros de janeiro at\u00e9 \u00e0s 12h horas desta quarta-feira (29).<\/h3>\n<h3 style=\"text-align: justify\">\u00a094\u00ba \u00f3bito: Homem de 58 anos, com hist\u00f3rico de doen\u00e7a cardiovascular, obesidade e hipertens\u00e3o. Admitido em hospital de Salvador em 15 de abril, vindo a \u00f3bito no \u00faltimo dia 18.<\/h3>\n<h3 style=\"text-align: justify\">95\u00ba \u00f3bito: Mulher de 86 anos, residente no munic\u00edpio de Ipia\u00fa. Admitida em hospital p\u00fablico de Itabuna em 24 de abril, vindo a \u00f3bito na \u00faltima ter\u00e7a-feira (28).<\/h3>\n<h3 style=\"text-align: justify\">96\u00ba \u00f3bito: Mulher de 90 anos, com hist\u00f3rico de colangite e dem\u00eancia avan\u00e7ada. Residente de hospital filantr\u00f3pico de Salvador, vindo a \u00f3bito ontem (28).<\/h3>\n<h3 style=\"text-align: justify\">97\u00ba \u00f3bito: Homem de 67 anos, com hist\u00f3rico de diabetes e hipertens\u00e3o. Admitido em hospital filantr\u00f3pico de Salvador em 27 de mar\u00e7o, vindo a \u00f3bito no \u00faltimo dia 28.<\/h3>\n<h3 style=\"text-align: justify\">Ressaltamos que os n\u00fameros s\u00e3o din\u00e2micos e, na medida em que as investiga\u00e7\u00f5es cl\u00ednicas e epidemiol\u00f3gicas avan\u00e7am, os casos s\u00e3o reavaliados, sendo pass\u00edveis de reenquadramento na sua classifica\u00e7\u00e3o. Outras informa\u00e7\u00f5es em\u00a0<a href=\"http:\/\/saude.ba.gov.br\/coronavirus.\" target=\"_blank\">saude.ba.gov.br\/coronavirus.<\/a><\/h3>\n<h3 style=\"text-align: justify\">Um novo boletim com a descri\u00e7\u00e3o detalhada do local de ocorr\u00eancia dos casos ser\u00e1 publicado a partir das 17h de hoje.<\/h3>\n<h3><a id=\"m_-4956953693831125277LPlnk317419\" href=\"http:\/\/www.saude.ba.gov.br\/2020\/04\/29\/bahia-registra-2-646-casos-confirmados-do-novo-coronavirus-e-registra-97-obitos\/\" target=\"_blank\">http:\/\/www.saude.ba.gov.br\/2020\/04\/29\/bahia-registra-2-646-casos-confirmados-do-novo-coronavirus-e-registra-97-obitos\/<\/a><\/h3>\n<\/div>\n<h3><\/h3>\n","protected":false},"excerpt":{"rendered":"<p>A Bahia registra 2.646 casos confirmados do novo coronav\u00edrus (Covid-19). Considerando o n\u00famero de 544 pacientes recuperados e 97 \u00f3bitos, 2.005 pessoas permanecem monitoradas pela vigil\u00e2ncia epidemiol\u00f3gica e com sintomas da Covid-19, o que s\u00e3o chamados de casos ativos. No momento, 265 pacientes confirmados para Covid-19 em toda a Bahia encontram-se internados, sendo 80 em [&hellip;]<\/p>\n","protected":false},"author":992,"featured_media":0,"comment_status":"open","ping_status":"open","sticky":false,"template":"","format":"standard","meta":{"footnotes":"","_links_to":"","_links_to_target":""},"categories":[14],"tags":[],"class_list":["post-134701","post","type-post","status-publish","format-standard","hentry","category-bahia-geral"],"views":856,"_links":{"self":[{"href":"https:\/\/www.politicosdosuldabahia.com.br\/v1\/wp-json\/wp\/v2\/posts\/134701"}],"collection":[{"href":"https:\/\/www.politicosdosuldabahia.com.br\/v1\/wp-json\/wp\/v2\/posts"}],"about":[{"href":"https:\/\/www.politicosdosuldabahia.com.br\/v1\/wp-json\/wp\/v2\/types\/post"}],"author":[{"embeddable":true,"href":"https:\/\/www.politicosdosuldabahia.com.br\/v1\/wp-json\/wp\/v2\/users\/992"}],"replies":[{"embeddable":true,"href":"https:\/\/www.politicosdosuldabahia.com.br\/v1\/wp-json\/wp\/v2\/comments?post=134701"}],"version-history":[{"count":4,"href":"https:\/\/www.politicosdosuldabahia.com.br\/v1\/wp-json\/wp\/v2\/posts\/134701\/revisions"}],"predecessor-version":[{"id":134725,"href":"https:\/\/www.politicosdosuldabahia.com.br\/v1\/wp-json\/wp\/v2\/posts\/134701\/revisions\/134725"}],"wp:attachment":[{"href":"https:\/\/www.politicosdosuldabahia.com.br\/v1\/wp-json\/wp\/v2\/media?parent=134701"}],"wp:term":[{"taxonomy":"category","embeddable":true,"href":"https:\/\/www.politicosdosuldabahia.com.br\/v1\/wp-json\/wp\/v2\/categories?post=134701"},{"taxonomy":"post_tag","embeddable":true,"href":"https:\/\/www.politicosdosuldabahia.com.br\/v1\/wp-json\/wp\/v2\/tags?post=134701"}],"curies":[{"name":"wp","href":"https:\/\/api.w.org\/{rel}","templated":true}]}}