
{"id":1346,"date":"2009-11-18T16:00:51","date_gmt":"2009-11-18T19:00:51","guid":{"rendered":"http:\/\/www.politicosdosuldabahia.com.br\/v1\/?p=1346"},"modified":"2009-11-18T15:53:55","modified_gmt":"2009-11-18T18:53:55","slug":"amitabuna-no-mutirao-de-combate-ao-diabetes","status":"publish","type":"post","link":"https:\/\/www.politicosdosuldabahia.com.br\/v1\/2009\/11\/18\/amitabuna-no-mutirao-de-combate-ao-diabetes\/","title":{"rendered":"AMITABUNA NO MUTIR\u00c3O DE COMBATE AO DIABETES"},"content":{"rendered":"<h3 class=\"mceTemp mceIEcenter\">\n<dl id=\"attachment_1345\" class=\"wp-caption aligncenter\" style=\"width: 468px;\">\n<dt class=\"wp-caption-dt\"><img loading=\"lazy\" decoding=\"async\" class=\"size-full wp-image-1345\" title=\"ami2\" src=\"http:\/\/www.politicosdosuldabahia.com.br\/v1\/wp-content\/uploads\/ami21.bmp\" alt=\"AMITABUNA,\" width=\"458\" height=\"196\" \/><\/dt>\n<dd class=\"wp-caption-dd\" style=\"text-align: center;\"><span style=\"color: #ff0000;\">AMITABUNA.<\/span><\/dd>\n<\/dl>\n<\/h3>\n<h4 style=\"text-align: justify;\"><span style=\"color: #000000;\">A AMITABUNA, que \u00e9 uma OSCIP voltada a repensar a cidade de Itabuna atrav\u00e9s de a\u00e7\u00f5es afirmativas, participou no ultimo dia 14 de novembro do Mutir\u00e3o de combate ao Diabetes, evento idealizado pelo Dr. Rafael Andrade.<\/span><\/h4>\n<h4 style=\"text-align: justify;\"><span style=\"color: #000000;\"><span style=\"color: #ffffff;\">.<\/span><br \/>\nNeste evento, coube a AMITABUNA a coordena\u00e7\u00e3o no stand de atendimento jur\u00eddico, onde foram realizados mais de 180 atendimentos onde, al\u00e9m de se ter realizado orienta\u00e7\u00e3o acerca dos direitos do diab\u00e9tico, foram encaminhados diversas a\u00e7\u00f5es judiciais visando a obten\u00e7\u00e3o de medicamentos de uso continuado, como inicializou-se procedimentos visando a aposentadoria daqueles que, de t\u00e3o debilitados pela doen\u00e7a, j\u00e1 n\u00e3o tem condi\u00e7\u00f5es de trabalhar.<br \/>\n<span style=\"color: #ffffff;\">.<\/span><\/span><\/h4>\n<h4 style=\"text-align: justify;\"><span style=\"color: #000000;\"> A diabetes \u00e9 uma doen\u00e7a hoje, no Brasil,\u00a0respons\u00e1vel por mais amputa\u00e7\u00f5es de membros que os acidentes automobil\u00edsticos, sendo o objetivo de campanhas como a que foi realizada aqui em Itabuna, mudar esta triste realidade.<\/span><\/h4>\n","protected":false},"excerpt":{"rendered":"<p>AMITABUNA. A AMITABUNA, que \u00e9 uma OSCIP voltada a repensar a cidade de Itabuna atrav\u00e9s de a\u00e7\u00f5es afirmativas, participou no ultimo dia 14 de novembro do Mutir\u00e3o de combate ao Diabetes, evento idealizado pelo Dr. Rafael Andrade. . Neste evento, coube a AMITABUNA a coordena\u00e7\u00e3o no stand de atendimento jur\u00eddico, onde foram realizados mais de [&hellip;]<\/p>\n","protected":false},"author":2,"featured_media":0,"comment_status":"open","ping_status":"open","sticky":false,"template":"","format":"standard","meta":{"footnotes":"","_links_to":"","_links_to_target":""},"categories":[9],"tags":[],"class_list":["post-1346","post","type-post","status-publish","format-standard","hentry","category-eventos"],"views":3171,"_links":{"self":[{"href":"https:\/\/www.politicosdosuldabahia.com.br\/v1\/wp-json\/wp\/v2\/posts\/1346"}],"collection":[{"href":"https:\/\/www.politicosdosuldabahia.com.br\/v1\/wp-json\/wp\/v2\/posts"}],"about":[{"href":"https:\/\/www.politicosdosuldabahia.com.br\/v1\/wp-json\/wp\/v2\/types\/post"}],"author":[{"embeddable":true,"href":"https:\/\/www.politicosdosuldabahia.com.br\/v1\/wp-json\/wp\/v2\/users\/2"}],"replies":[{"embeddable":true,"href":"https:\/\/www.politicosdosuldabahia.com.br\/v1\/wp-json\/wp\/v2\/comments?post=1346"}],"version-history":[{"count":4,"href":"https:\/\/www.politicosdosuldabahia.com.br\/v1\/wp-json\/wp\/v2\/posts\/1346\/revisions"}],"predecessor-version":[{"id":1350,"href":"https:\/\/www.politicosdosuldabahia.com.br\/v1\/wp-json\/wp\/v2\/posts\/1346\/revisions\/1350"}],"wp:attachment":[{"href":"https:\/\/www.politicosdosuldabahia.com.br\/v1\/wp-json\/wp\/v2\/media?parent=1346"}],"wp:term":[{"taxonomy":"category","embeddable":true,"href":"https:\/\/www.politicosdosuldabahia.com.br\/v1\/wp-json\/wp\/v2\/categories?post=1346"},{"taxonomy":"post_tag","embeddable":true,"href":"https:\/\/www.politicosdosuldabahia.com.br\/v1\/wp-json\/wp\/v2\/tags?post=1346"}],"curies":[{"name":"wp","href":"https:\/\/api.w.org\/{rel}","templated":true}]}}