
{"id":134496,"date":"2020-04-24T17:54:59","date_gmt":"2020-04-24T20:54:59","guid":{"rendered":"http:\/\/www.politicosdosuldabahia.com.br\/v1\/?p=134496"},"modified":"2020-04-24T17:54:59","modified_gmt":"2020-04-24T20:54:59","slug":"buerarema-prefeitura-implanta-central-de-monitoramento-e-combate-ao-covid-19","status":"publish","type":"post","link":"https:\/\/www.politicosdosuldabahia.com.br\/v1\/2020\/04\/24\/buerarema-prefeitura-implanta-central-de-monitoramento-e-combate-ao-covid-19\/","title":{"rendered":"BUERAREMA: PREFEITURA  IMPLANTA CENTRAL DE MONITORAMENTO E COMBATE AO COVID-19"},"content":{"rendered":"<p><img loading=\"lazy\" decoding=\"async\" class=\"aligncenter wp-image-134494\" src=\"http:\/\/www.politicosdosuldabahia.com.br\/v1\/wp-content\/uploads\/2020\/04\/CMCC-BUERAREMA-300x133.jpeg\" alt=\"CMCC- BUERAREMA\" width=\"455\" height=\"202\" \/><\/p>\n<h4 style=\"text-align: center\"><strong>\u00a0<\/strong><\/h4>\n<h4 style=\"text-align: center\"><strong>A central funcionar\u00e1 como rede de apoio que dar\u00e1 todo suporte \u00e1s fam\u00edlias em isolamento e pacientes em isolamento <\/strong><\/h4>\n<h3 style=\"text-align: justify\">Com objetivo de monitorar e abastecer de informa\u00e7\u00f5es em tempo real das a\u00e7\u00f5es operacionais realizadas pelos principais agentes fiscalizadores e de monitoramento de campo institu\u00eddos na cidade: barreiras sanit\u00e1rias, guarda civil municipal e pol\u00edcia militar, fiscais do com\u00e9rcio, vigil\u00e2ncia sanit\u00e1ria e denunciantes da sociedade, a Prefeitura de Buerarema, por meio da Secretaria de Sa\u00fade implantou a Central de Monitoramento e Combate ao COVID-19.<\/h3>\n<h3 style=\"text-align: justify\">A sede da Central, que funciona 24h por dia, fica localizada no pr\u00e9dio da Biblioteca Municipal e, conta com uma equipe estruturada voltada ao suporte \u00e0 secretaria de sa\u00fade e vigil\u00e2ncia epidemiol\u00f3gica e sanit\u00e1ria do munic\u00edpio, como rede de apoio ao combate ao novo coronav\u00edrus.<\/h3>\n<h3 style=\"text-align: justify\">O<strong>\u00a0<\/strong>espa\u00e7o preparado especificamente para esse fim \u00e9 equipado\u00a0com computadores, impressora, telefones\/whatsapp (para contato direto com a popula\u00e7\u00e3o e poss\u00edveis denunciantes) e r\u00e1dios para comunica\u00e7\u00e3o entre os agentes operadores da fiscaliza\u00e7\u00e3o e monitoramento das a\u00e7\u00f5es de combate ao COVID, al\u00e9m de dispor de local para guarda de todo o material destinado \u00e0s equipes das barreiras sanit\u00e1rias, vigil\u00e2ncia sanit\u00e1ria volante, fiscais Covid-19 com\u00e9rcio.<\/h3>\n<h3 style=\"text-align: justify\">Toda situa\u00e7\u00e3o que favore\u00e7a a dissemina\u00e7\u00e3o do v\u00edrus na cidade e, consequentemente leve risco \u00e0 comunidade, como aglomera\u00e7\u00f5es de pessoas, estabelecimentos que descumprem as\u00a0 determina\u00e7\u00f5es do decreto municipal, pessoas monitoradas que n\u00e3o estejam cumprindo o isolamento social , entre outras, podem e devem ser denunciadas \u00e0 Central atrav\u00e9s dos contatos: (73) 98843-4193 ou 98809-0313.<\/h3>\n<p>&nbsp;<\/p>\n","protected":false},"excerpt":{"rendered":"<p>\u00a0 A central funcionar\u00e1 como rede de apoio que dar\u00e1 todo suporte \u00e1s fam\u00edlias em isolamento e pacientes em isolamento Com objetivo de monitorar e abastecer de informa\u00e7\u00f5es em tempo real das a\u00e7\u00f5es operacionais realizadas pelos principais agentes fiscalizadores e de monitoramento de campo institu\u00eddos na cidade: barreiras sanit\u00e1rias, guarda civil municipal e pol\u00edcia militar, [&hellip;]<\/p>\n","protected":false},"author":992,"featured_media":0,"comment_status":"open","ping_status":"open","sticky":false,"template":"","format":"standard","meta":{"footnotes":"","_links_to":"","_links_to_target":""},"categories":[3],"tags":[32,67,69,68,66],"class_list":["post-134496","post","type-post","status-publish","format-standard","hentry","category-cidades","tag-buerarema","tag-central-de-monitoramento","tag-combate","tag-coronavirus","tag-covid-19"],"views":812,"_links":{"self":[{"href":"https:\/\/www.politicosdosuldabahia.com.br\/v1\/wp-json\/wp\/v2\/posts\/134496"}],"collection":[{"href":"https:\/\/www.politicosdosuldabahia.com.br\/v1\/wp-json\/wp\/v2\/posts"}],"about":[{"href":"https:\/\/www.politicosdosuldabahia.com.br\/v1\/wp-json\/wp\/v2\/types\/post"}],"author":[{"embeddable":true,"href":"https:\/\/www.politicosdosuldabahia.com.br\/v1\/wp-json\/wp\/v2\/users\/992"}],"replies":[{"embeddable":true,"href":"https:\/\/www.politicosdosuldabahia.com.br\/v1\/wp-json\/wp\/v2\/comments?post=134496"}],"version-history":[{"count":1,"href":"https:\/\/www.politicosdosuldabahia.com.br\/v1\/wp-json\/wp\/v2\/posts\/134496\/revisions"}],"predecessor-version":[{"id":134497,"href":"https:\/\/www.politicosdosuldabahia.com.br\/v1\/wp-json\/wp\/v2\/posts\/134496\/revisions\/134497"}],"wp:attachment":[{"href":"https:\/\/www.politicosdosuldabahia.com.br\/v1\/wp-json\/wp\/v2\/media?parent=134496"}],"wp:term":[{"taxonomy":"category","embeddable":true,"href":"https:\/\/www.politicosdosuldabahia.com.br\/v1\/wp-json\/wp\/v2\/categories?post=134496"},{"taxonomy":"post_tag","embeddable":true,"href":"https:\/\/www.politicosdosuldabahia.com.br\/v1\/wp-json\/wp\/v2\/tags?post=134496"}],"curies":[{"name":"wp","href":"https:\/\/api.w.org\/{rel}","templated":true}]}}