
{"id":134283,"date":"2020-04-20T13:00:58","date_gmt":"2020-04-20T16:00:58","guid":{"rendered":"http:\/\/www.politicosdosuldabahia.com.br\/v1\/?p=134283"},"modified":"2020-04-20T10:39:12","modified_gmt":"2020-04-20T13:39:12","slug":"bahia-sesab-oferece-acolhimento-psicologico-para-profissionais-de-saude-que-atuam-no-combate-ao-novo-coronavirus","status":"publish","type":"post","link":"https:\/\/www.politicosdosuldabahia.com.br\/v1\/2020\/04\/20\/bahia-sesab-oferece-acolhimento-psicologico-para-profissionais-de-saude-que-atuam-no-combate-ao-novo-coronavirus\/","title":{"rendered":"BAHIA: SESAB OFERECE ACOLHIMENTO PSICOL\u00d3GICO PARA PROFISSIONAIS DE SA\u00daDE QUE ATUAM NO COMBATE AO NOVO CORONAV\u00cdRUS"},"content":{"rendered":"<div><\/div>\n<h3 style=\"text-align: justify\">Para garantir a sa\u00fade mental dos servidores que est\u00e3o na linha de frente no combate \u00e0 covid-19, a Secretaria da Sa\u00fade do Estado (Sesab), por meio do Programa de Aten\u00e7\u00e3o Integral \u00e0 Sa\u00fade da Trabalhadora e do Trabalhador da Sesab (Pais), est\u00e1 oferecendo acolhimento psicol\u00f3gico gratuito por telefone e pela internet, com atividades de relaxamento, Reiki \u00e0 dist\u00e2ncia e pr\u00e1ticas integrativas, como consci\u00eancia corporal e medita\u00e7\u00e3o.<\/h3>\n<h3 style=\"text-align: justify\">&#8220;O objetivo \u00e9 oferecer um servi\u00e7o de acolhimento, com orienta\u00e7\u00f5es e acompanhamento psicol\u00f3gico nesse momento de crise que atravessa nossa sociedade. \u00c9 um servi\u00e7o de escuta qualificada que est\u00e1 sendo feito por uma equipe multidisciplinar nessa proposta de atendimento virtual. Buscamos ouvir o trabalhador para compreender as dificuldades que ele est\u00e1 enfrentando&#8221;, explica a coordenadora do Servi\u00e7o Integrado de Sa\u00fade do Trabalhador (Siast) da Sesab e especialista em Sa\u00fade P\u00fablica, Ana Cl\u00e1udia Caldas.<\/h3>\n<h3 style=\"text-align: justify\">Os servidores que tiverem interessem podem se inscrever via Siast, pelo RH da Sesab ou pelo telefone (71) 3103 6144. &#8220;Aqueles profissionais nos quais identificarmos uma gravidade maior ser\u00e3o encaminhados para atendimento com psiquiatras para uma avalia\u00e7\u00e3o mais profunda. Havendo necessidade, esse trabalhador ser\u00e1 encaminhado para rede de assist\u00eancia psiqui\u00e1trica de sa\u00fade mental&#8221;, completa Ana.<\/h3>\n<h3 style=\"text-align: justify\">Para a enfermeira Rita de C\u00e1ssia, o cuidado com a sa\u00fade mental \u00e9 muito importante para que os profissionais de sa\u00fade possam continuar exercendo o trabalho com qualidade. &#8220;O ritmo intenso de trabalho, a consci\u00eancia dos riscos de contamina\u00e7\u00e3o durante os atendimentos ou mesmo o medo de contaminar algum familiar na volta pra casa. S\u00e3o coisas que ficam em nossas cabe\u00e7as e geram uma ansiedade e estresse muito grande. Poder conversar com profissionais qualificados \u00e9 fundamental para que a gente possa continuar atuando e fazendo toda a diferen\u00e7a nessa batalha contra o v\u00edrus\u201d, afirma.<\/h3>\n","protected":false},"excerpt":{"rendered":"<p>Para garantir a sa\u00fade mental dos servidores que est\u00e3o na linha de frente no combate \u00e0 covid-19, a Secretaria da Sa\u00fade do Estado (Sesab), por meio do Programa de Aten\u00e7\u00e3o Integral \u00e0 Sa\u00fade da Trabalhadora e do Trabalhador da Sesab (Pais), est\u00e1 oferecendo acolhimento psicol\u00f3gico gratuito por telefone e pela internet, com atividades de relaxamento, [&hellip;]<\/p>\n","protected":false},"author":992,"featured_media":0,"comment_status":"open","ping_status":"open","sticky":false,"template":"","format":"standard","meta":{"footnotes":"","_links_to":"","_links_to_target":""},"categories":[14],"tags":[],"class_list":["post-134283","post","type-post","status-publish","format-standard","hentry","category-bahia-geral"],"views":831,"_links":{"self":[{"href":"https:\/\/www.politicosdosuldabahia.com.br\/v1\/wp-json\/wp\/v2\/posts\/134283"}],"collection":[{"href":"https:\/\/www.politicosdosuldabahia.com.br\/v1\/wp-json\/wp\/v2\/posts"}],"about":[{"href":"https:\/\/www.politicosdosuldabahia.com.br\/v1\/wp-json\/wp\/v2\/types\/post"}],"author":[{"embeddable":true,"href":"https:\/\/www.politicosdosuldabahia.com.br\/v1\/wp-json\/wp\/v2\/users\/992"}],"replies":[{"embeddable":true,"href":"https:\/\/www.politicosdosuldabahia.com.br\/v1\/wp-json\/wp\/v2\/comments?post=134283"}],"version-history":[{"count":3,"href":"https:\/\/www.politicosdosuldabahia.com.br\/v1\/wp-json\/wp\/v2\/posts\/134283\/revisions"}],"predecessor-version":[{"id":134286,"href":"https:\/\/www.politicosdosuldabahia.com.br\/v1\/wp-json\/wp\/v2\/posts\/134283\/revisions\/134286"}],"wp:attachment":[{"href":"https:\/\/www.politicosdosuldabahia.com.br\/v1\/wp-json\/wp\/v2\/media?parent=134283"}],"wp:term":[{"taxonomy":"category","embeddable":true,"href":"https:\/\/www.politicosdosuldabahia.com.br\/v1\/wp-json\/wp\/v2\/categories?post=134283"},{"taxonomy":"post_tag","embeddable":true,"href":"https:\/\/www.politicosdosuldabahia.com.br\/v1\/wp-json\/wp\/v2\/tags?post=134283"}],"curies":[{"name":"wp","href":"https:\/\/api.w.org\/{rel}","templated":true}]}}