
{"id":134277,"date":"2020-04-20T12:00:16","date_gmt":"2020-04-20T15:00:16","guid":{"rendered":"http:\/\/www.politicosdosuldabahia.com.br\/v1\/?p=134277"},"modified":"2020-04-20T10:20:56","modified_gmt":"2020-04-20T13:20:56","slug":"bahia-vale-alimentacao-sera-distribuido-ao-longo-da-semana-em-salvador-e-mais-21-cidades-do-interior","status":"publish","type":"post","link":"https:\/\/www.politicosdosuldabahia.com.br\/v1\/2020\/04\/20\/bahia-vale-alimentacao-sera-distribuido-ao-longo-da-semana-em-salvador-e-mais-21-cidades-do-interior\/","title":{"rendered":"BAHIA: VALE ALIMENTA\u00c7\u00c3O SER\u00c1 DISTRIBU\u00cdDO AO LONGO DA SEMANA EM SALVADOR E MAIS 21 CIDADES DO INTERIOR"},"content":{"rendered":"<h3 style=\"font-weight: 400;text-align: justify\"><img loading=\"lazy\" decoding=\"async\" class=\"aligncenter wp-image-134278\" src=\"http:\/\/www.politicosdosuldabahia.com.br\/v1\/wp-content\/uploads\/2020\/04\/WhatsApp-Image-2020-04-19-at-17.57.43-300x200.jpeg\" alt=\"WhatsApp Image 2020-04-19 at 17.57.43\" width=\"455\" height=\"303\" srcset=\"https:\/\/www.politicosdosuldabahia.com.br\/v1\/wp-content\/uploads\/2020\/04\/WhatsApp-Image-2020-04-19-at-17.57.43-300x200.jpeg 300w, https:\/\/www.politicosdosuldabahia.com.br\/v1\/wp-content\/uploads\/2020\/04\/WhatsApp-Image-2020-04-19-at-17.57.43.jpeg 455w\" sizes=\"(max-width: 455px) 100vw, 455px\" \/>O vale-alimenta\u00e7\u00e3o estudantil come\u00e7a a ser distribu\u00eddo, nesta segunda-feira (20), pelo Governo do Estado da Bahia, para 284 mil estudantes da rede estadual de ensino em Salvador e 21 cidades do interior do Estado. A recomenda\u00e7\u00e3o da Secretaria da Educa\u00e7\u00e3o do Estado \u00e9 para que o estudante, o pai, a m\u00e3e ou o respons\u00e1vel, cujo CPF est\u00e1 cadastrado na escola, procure evitar aglomera\u00e7\u00f5es como medida de prote\u00e7\u00e3o, diante do combate ao novo Coronav\u00edrus, planejando a retirada dos alimentos ao longo da semana. O vale-alimenta\u00e7\u00e3o poder\u00e1 ser usado durante o per\u00edodo de suspens\u00e3o das aulas.<\/h3>\n<h3 style=\"text-align: justify\">Parte dos estudantes receber\u00e1 o benef\u00edcio na Cesta do Povo e em suas lojas credenciadas, e parte, na Rede Assa\u00ed. A ida aos supermercados est\u00e1 orientada por escola. A lista com esta distribui\u00e7\u00e3o est\u00e1 dispon\u00edvel no Portal da Educa\u00e7\u00e3o (<a href=\"http:\/\/www.educacao.ba.gov.br\/\">www.educacao.ba.gov.br<\/a>). Na lista, tamb\u00e9m tem uma indica\u00e7\u00e3o para que o estudante v\u00e1, preferencialmente, \u00e0 rede localizada mais pr\u00f3xima da sua escola.<\/h3>\n<h3 style=\"text-align: justify\"><strong>Hor\u00e1rio de funcionamento<\/strong><\/h3>\n<h3 style=\"text-align: justify\">A rede Assa\u00ed funciona das 7h \u00e0s 22h. A Cesta do Povo e as lojas conveniadas, na capital, abrem das 7h \u00e0s 20h, e no interior das 8h \u00e0s 20. Por conta do decreto municipal de Salvador, os supermercados atendem, preferencialmente, aos idosos das 7h \u00e0s 9h.<\/h3>\n<h3 style=\"text-align: justify\">O superintendente de Planejamento Operacional da Rede Escolar da SEC, Manoel Calazans, chama a aten\u00e7\u00e3o para a ida planejada ao supermercado. \u201cSomente deve ir uma pessoa por fam\u00edlia, mesmo que sejam dois, tr\u00eas ou mais estudantes beneficiados. Orientamos que o beneficiado, antes de ir ao supermercado,\u00a0 consulte seu nome na lista no Portal da Educa\u00e7\u00e3o ou ligue para a escola em que estuda para ver qual \u00e9 a loja do Assa\u00ed ou da Cesta do Povo e conveniadas onde far\u00e1 a retirada dos alimentos. S\u00f3 saia de casa com m\u00e1scara de prote\u00e7\u00e3o e, nos supermercados, fa\u00e7a suas compras de forma r\u00e1pida\u201d, afirmou.<\/h3>\n<h3 style=\"text-align: justify\">Para a retirada do vale-alimenta\u00e7\u00e3o e adquirir os produtos do mercado, o estudante dever\u00e1 ir ao setor de atendimento ao cliente portando CPF e documento de identifica\u00e7\u00e3o com foto. O vale \u00e9 destinado, exclusivamente, para a compra de g\u00eaneros aliment\u00edcios, como feij\u00e3o, arroz, macarr\u00e3o, a\u00e7\u00facar, caf\u00e9 e leite, dentre outros.<\/h3>\n<h3 style=\"text-align: justify\"><strong>Supermercados<\/strong><\/h3>\n<h3 style=\"text-align: justify\">A Rede Assa\u00ed est\u00e1 nos munic\u00edpios de Salvador, Feira de Santana, Vit\u00f3ria da Conquista, Cama\u00e7ari, Juazeiro, Jequi\u00e9, Ilh\u00e9us, Lauro de Freitas, Paulo Afonso, Guanambi, Serrinha, Senhor do Bonfim e Itapetinga. Em Salvador, as lojas Assa\u00ed est\u00e3o nos bairros de Paripe, Pau da Lima e Cidade Baixa.<\/h3>\n<h3 style=\"text-align: justify\">No interior, a Cesta do Povo e as redes parceiras est\u00e3o presentes nos munic\u00edpios de Mata de S\u00e3o Jo\u00e3o, Sim\u00f5es Filho, Valen\u00e7a, Dias D\u00b4\u00c1vila, Santo Estev\u00e3o, Gandu, Santa B\u00e1rbara, Morro do Chap\u00e9u e Ituber\u00e1. Em Salvador, as lojas da Cesta do Povo est\u00e3o localizadas nos bairros de Mussurunga, Boca do Rio, Ogunj\u00e1, Castelo Branco, Marechal Rondon e Mata Escuta.<\/h3>\n<h3 style=\"text-align: justify\">Tanto na capital quanto no interior, a Cesta do Povo tem redes parceiras. Em Paripe \u00e9 a Rede Mix que atender\u00e1 um grupo de escolas. Em Feira de Santana, Santa B\u00e1rbara e Santo Estev\u00e3o, as redes parceiras da Cesta do Povo s\u00e3o a Bem Barato e a Olhos D\u2019\u00c1gua. Em Valen\u00e7a, Ituber\u00e1 e Gandu, os estudantes devem se dirigir ao Megabom; em Morro do Chap\u00e9u, ao Super Pop I; e em Sim\u00f5es Filho, \u00e0 Rede Mix.<\/h3>\n<h3 style=\"text-align: justify\"><strong>\u00a0<\/strong><strong>Cart\u00e3o alimenta\u00e7\u00e3o<\/strong><\/h3>\n<h3 style=\"text-align: justify\">Para os estudantes que moram em munic\u00edpios n\u00e3o atendidos por essas duas redes de supermercado, est\u00e3o sendo feitos os cart\u00f5es alimenta\u00e7\u00e3o, que ser\u00e3o entregues diretamente aos estudantes pelas escolas. Quem ainda n\u00e3o tem o CPF informado no ato da matr\u00edcula deve fazer a atualiza\u00e7\u00e3o no sistema Siadiante, acessando o Portal da Educa\u00e7\u00e3o (<a href=\"http:\/\/www.educacao.ba.gov.br\/\">www.educacao.ba.gov.br<\/a>).\u00a0 D\u00favidas tamb\u00e9m podem sanadas pelo telefone: 0800 284 0011.<\/h3>\n","protected":false},"excerpt":{"rendered":"<p>O vale-alimenta\u00e7\u00e3o estudantil come\u00e7a a ser distribu\u00eddo, nesta segunda-feira (20), pelo Governo do Estado da Bahia, para 284 mil estudantes da rede estadual de ensino em Salvador e 21 cidades do interior do Estado. A recomenda\u00e7\u00e3o da Secretaria da Educa\u00e7\u00e3o do Estado \u00e9 para que o estudante, o pai, a m\u00e3e ou o respons\u00e1vel, cujo [&hellip;]<\/p>\n","protected":false},"author":992,"featured_media":0,"comment_status":"open","ping_status":"open","sticky":false,"template":"","format":"standard","meta":{"footnotes":"","_links_to":"","_links_to_target":""},"categories":[14],"tags":[],"class_list":["post-134277","post","type-post","status-publish","format-standard","hentry","category-bahia-geral"],"views":956,"_links":{"self":[{"href":"https:\/\/www.politicosdosuldabahia.com.br\/v1\/wp-json\/wp\/v2\/posts\/134277"}],"collection":[{"href":"https:\/\/www.politicosdosuldabahia.com.br\/v1\/wp-json\/wp\/v2\/posts"}],"about":[{"href":"https:\/\/www.politicosdosuldabahia.com.br\/v1\/wp-json\/wp\/v2\/types\/post"}],"author":[{"embeddable":true,"href":"https:\/\/www.politicosdosuldabahia.com.br\/v1\/wp-json\/wp\/v2\/users\/992"}],"replies":[{"embeddable":true,"href":"https:\/\/www.politicosdosuldabahia.com.br\/v1\/wp-json\/wp\/v2\/comments?post=134277"}],"version-history":[{"count":1,"href":"https:\/\/www.politicosdosuldabahia.com.br\/v1\/wp-json\/wp\/v2\/posts\/134277\/revisions"}],"predecessor-version":[{"id":134279,"href":"https:\/\/www.politicosdosuldabahia.com.br\/v1\/wp-json\/wp\/v2\/posts\/134277\/revisions\/134279"}],"wp:attachment":[{"href":"https:\/\/www.politicosdosuldabahia.com.br\/v1\/wp-json\/wp\/v2\/media?parent=134277"}],"wp:term":[{"taxonomy":"category","embeddable":true,"href":"https:\/\/www.politicosdosuldabahia.com.br\/v1\/wp-json\/wp\/v2\/categories?post=134277"},{"taxonomy":"post_tag","embeddable":true,"href":"https:\/\/www.politicosdosuldabahia.com.br\/v1\/wp-json\/wp\/v2\/tags?post=134277"}],"curies":[{"name":"wp","href":"https:\/\/api.w.org\/{rel}","templated":true}]}}