
{"id":133979,"date":"2020-04-11T14:29:51","date_gmt":"2020-04-11T17:29:51","guid":{"rendered":"http:\/\/www.politicosdosuldabahia.com.br\/v1\/?p=133979"},"modified":"2020-04-11T14:29:51","modified_gmt":"2020-04-11T17:29:51","slug":"bancada-do-pt-repudia-ataques-racistas-contra-deputado","status":"publish","type":"post","link":"https:\/\/www.politicosdosuldabahia.com.br\/v1\/2020\/04\/11\/bancada-do-pt-repudia-ataques-racistas-contra-deputado\/","title":{"rendered":"BANCADA DO PT REPUDIA ATAQUES RACISTAS CONTRA DEPUTADO"},"content":{"rendered":"<h3 style=\"text-align: justify\">A Bancada do Partido dos Trabalhadores na C\u00e2mara dos Deputados repudia os ataques racistas e difamat\u00f3rios dirigidos ao deputado Valmir Assun\u00e7\u00e3o (PT-BA), ap\u00f3s defender a instala\u00e7\u00e3o de leitos de UTIs na cidade de Itamaraju\/BA, para o atendimento de pacientes infectados pelo Covid-19.<\/h3>\n<h3 style=\"text-align: justify\">\nOs ataques ocorreram na \u00faltima sexta-feira santa (10) e foram proferidos por uma comerciante do munic\u00edpio. Nossa Bancada manifesta sua solidariedade ao parlamentar, ao tempo em que reitera que racismo \u00e9 crime inafian\u00e7\u00e1vel no Brasil, tipificado na Lei n\u00ba 7716\/89, podendo ter como pena at\u00e9 5 anos de reclus\u00e3o.<br \/>\nRacistas N\u00e3o Passar\u00e3o!<\/h3>\n<p>&nbsp;<\/p>\n","protected":false},"excerpt":{"rendered":"<p>A Bancada do Partido dos Trabalhadores na C\u00e2mara dos Deputados repudia os ataques racistas e difamat\u00f3rios dirigidos ao deputado Valmir Assun\u00e7\u00e3o (PT-BA), ap\u00f3s defender a instala\u00e7\u00e3o de leitos de UTIs na cidade de Itamaraju\/BA, para o atendimento de pacientes infectados pelo Covid-19. Os ataques ocorreram na \u00faltima sexta-feira santa (10) e foram proferidos por uma [&hellip;]<\/p>\n","protected":false},"author":992,"featured_media":0,"comment_status":"open","ping_status":"open","sticky":false,"template":"","format":"standard","meta":{"footnotes":"","_links_to":"","_links_to_target":""},"categories":[14],"tags":[],"class_list":["post-133979","post","type-post","status-publish","format-standard","hentry","category-bahia-geral"],"views":855,"_links":{"self":[{"href":"https:\/\/www.politicosdosuldabahia.com.br\/v1\/wp-json\/wp\/v2\/posts\/133979"}],"collection":[{"href":"https:\/\/www.politicosdosuldabahia.com.br\/v1\/wp-json\/wp\/v2\/posts"}],"about":[{"href":"https:\/\/www.politicosdosuldabahia.com.br\/v1\/wp-json\/wp\/v2\/types\/post"}],"author":[{"embeddable":true,"href":"https:\/\/www.politicosdosuldabahia.com.br\/v1\/wp-json\/wp\/v2\/users\/992"}],"replies":[{"embeddable":true,"href":"https:\/\/www.politicosdosuldabahia.com.br\/v1\/wp-json\/wp\/v2\/comments?post=133979"}],"version-history":[{"count":1,"href":"https:\/\/www.politicosdosuldabahia.com.br\/v1\/wp-json\/wp\/v2\/posts\/133979\/revisions"}],"predecessor-version":[{"id":133980,"href":"https:\/\/www.politicosdosuldabahia.com.br\/v1\/wp-json\/wp\/v2\/posts\/133979\/revisions\/133980"}],"wp:attachment":[{"href":"https:\/\/www.politicosdosuldabahia.com.br\/v1\/wp-json\/wp\/v2\/media?parent=133979"}],"wp:term":[{"taxonomy":"category","embeddable":true,"href":"https:\/\/www.politicosdosuldabahia.com.br\/v1\/wp-json\/wp\/v2\/categories?post=133979"},{"taxonomy":"post_tag","embeddable":true,"href":"https:\/\/www.politicosdosuldabahia.com.br\/v1\/wp-json\/wp\/v2\/tags?post=133979"}],"curies":[{"name":"wp","href":"https:\/\/api.w.org\/{rel}","templated":true}]}}