
{"id":133742,"date":"2020-04-07T10:26:37","date_gmt":"2020-04-07T13:26:37","guid":{"rendered":"http:\/\/www.politicosdosuldabahia.com.br\/v1\/?p=133742"},"modified":"2020-04-07T10:26:37","modified_gmt":"2020-04-07T13:26:37","slug":"itajuipe-prefeitura-fecha-comercio-com-mais-restricoes-por-mais-15-dias","status":"publish","type":"post","link":"https:\/\/www.politicosdosuldabahia.com.br\/v1\/2020\/04\/07\/itajuipe-prefeitura-fecha-comercio-com-mais-restricoes-por-mais-15-dias\/","title":{"rendered":"ITAJU\u00cdPE: PREFEITURA FECHA COM\u00c9RCIO COM MAIS RESTRI\u00c7\u00d5ES POR MAIS 15 DIAS"},"content":{"rendered":"<p>&nbsp;<\/p>\n<h3 style=\"text-align: justify\"><img loading=\"lazy\" decoding=\"async\" class=\"aligncenter wp-image-133743\" src=\"http:\/\/www.politicosdosuldabahia.com.br\/v1\/wp-content\/uploads\/2020\/04\/WhatsApp-Image-2020-04-07-at-10.13.57-240x300.jpeg\" alt=\"WhatsApp Image 2020-04-07 at 10.13.57\" width=\"364\" height=\"455\" srcset=\"https:\/\/www.politicosdosuldabahia.com.br\/v1\/wp-content\/uploads\/2020\/04\/WhatsApp-Image-2020-04-07-at-10.13.57-240x300.jpeg 240w, https:\/\/www.politicosdosuldabahia.com.br\/v1\/wp-content\/uploads\/2020\/04\/WhatsApp-Image-2020-04-07-at-10.13.57.jpeg 364w\" sizes=\"(max-width: 364px) 100vw, 364px\" \/><\/h3>\n<h3 style=\"text-align: justify\">Nesta segunda-feira, 07, o Prefeito Marcone Amaral fez o an\u00fancio da prorroga\u00e7\u00e3o do fechamento do com\u00e9rcio em Itaju\u00edpe por mais 15 dias. A medida amplia as determina\u00e7\u00f5es tomadas para evitar a aglomera\u00e7\u00e3o de pessoas e frear a circula\u00e7\u00e3o do v\u00edrus na comunidade.<\/h3>\n<h3 style=\"text-align: justify\">Com essa decis\u00e3o, o novo decreto 041\/2020 continua suspendendo as atividades comerciais n\u00e3o essenciais e amplia as medidas de seguran\u00e7a para o funcionamento das atividades de aten\u00e7\u00e3o b\u00e1sica \u00e0 popula\u00e7\u00e3o, como padarias, mercados, farm\u00e1cias e lot\u00e9ricas, por exemplo.<\/h3>\n<h3 style=\"text-align: justify\">Os estabelecimentos com servi\u00e7os essenciais dever\u00e3o impor um r\u00edgido controle da entrada de consumidores, at\u00e9 cinco pessoas por vez, al\u00e9m de ser o respons\u00e1vel pela organiza\u00e7\u00e3o de filas com dist\u00e2ncia segura de dois metros, disponibiliza\u00e7\u00e3o de EPI\u2019s aos funcion\u00e1rios como m\u00e1scaras faciais, luvas e \u00e1lcool em gel 70%, entre outras.<\/h3>\n<h3 style=\"text-align: justify\">De acordo com o prefeito Marcone Amaral \u201cEstamos entrando em um momento importante na luta contra a COVID-19 e todas essas medidas s\u00e3o fundamentais para frear a contamina\u00e7\u00e3o por coronav\u00edrus em nossa cidade, que j\u00e1 tem tr\u00eas casos confirmados da doen\u00e7a. N\u00f3s estamos investindo em exames particulares, al\u00e9m dos exames do LACEN, para que a gente possa ter um diagn\u00f3stico mais preciso e ter mais efic\u00e1cia no combate ao v\u00edrus no nosso munic\u00edpio\u201d, concluiu.<\/h3>\n","protected":false},"excerpt":{"rendered":"<p>&nbsp; Nesta segunda-feira, 07, o Prefeito Marcone Amaral fez o an\u00fancio da prorroga\u00e7\u00e3o do fechamento do com\u00e9rcio em Itaju\u00edpe por mais 15 dias. A medida amplia as determina\u00e7\u00f5es tomadas para evitar a aglomera\u00e7\u00e3o de pessoas e frear a circula\u00e7\u00e3o do v\u00edrus na comunidade. Com essa decis\u00e3o, o novo decreto 041\/2020 continua suspendendo as atividades comerciais [&hellip;]<\/p>\n","protected":false},"author":992,"featured_media":0,"comment_status":"open","ping_status":"open","sticky":false,"template":"","format":"standard","meta":{"footnotes":"","_links_to":"","_links_to_target":""},"categories":[3],"tags":[],"class_list":["post-133742","post","type-post","status-publish","format-standard","hentry","category-cidades"],"views":1658,"_links":{"self":[{"href":"https:\/\/www.politicosdosuldabahia.com.br\/v1\/wp-json\/wp\/v2\/posts\/133742"}],"collection":[{"href":"https:\/\/www.politicosdosuldabahia.com.br\/v1\/wp-json\/wp\/v2\/posts"}],"about":[{"href":"https:\/\/www.politicosdosuldabahia.com.br\/v1\/wp-json\/wp\/v2\/types\/post"}],"author":[{"embeddable":true,"href":"https:\/\/www.politicosdosuldabahia.com.br\/v1\/wp-json\/wp\/v2\/users\/992"}],"replies":[{"embeddable":true,"href":"https:\/\/www.politicosdosuldabahia.com.br\/v1\/wp-json\/wp\/v2\/comments?post=133742"}],"version-history":[{"count":1,"href":"https:\/\/www.politicosdosuldabahia.com.br\/v1\/wp-json\/wp\/v2\/posts\/133742\/revisions"}],"predecessor-version":[{"id":133744,"href":"https:\/\/www.politicosdosuldabahia.com.br\/v1\/wp-json\/wp\/v2\/posts\/133742\/revisions\/133744"}],"wp:attachment":[{"href":"https:\/\/www.politicosdosuldabahia.com.br\/v1\/wp-json\/wp\/v2\/media?parent=133742"}],"wp:term":[{"taxonomy":"category","embeddable":true,"href":"https:\/\/www.politicosdosuldabahia.com.br\/v1\/wp-json\/wp\/v2\/categories?post=133742"},{"taxonomy":"post_tag","embeddable":true,"href":"https:\/\/www.politicosdosuldabahia.com.br\/v1\/wp-json\/wp\/v2\/tags?post=133742"}],"curies":[{"name":"wp","href":"https:\/\/api.w.org\/{rel}","templated":true}]}}