
{"id":133321,"date":"2020-03-30T16:49:15","date_gmt":"2020-03-30T19:49:15","guid":{"rendered":"http:\/\/www.politicosdosuldabahia.com.br\/v1\/?p=133321"},"modified":"2020-03-30T16:49:15","modified_gmt":"2020-03-30T19:49:15","slug":"em-entrevista-rui-costa-cobra-mais-celeridade-do-governo-federal-mais-celeridade-nas-acoes-de-combate-a-covid-19","status":"publish","type":"post","link":"https:\/\/www.politicosdosuldabahia.com.br\/v1\/2020\/03\/30\/em-entrevista-rui-costa-cobra-mais-celeridade-do-governo-federal-mais-celeridade-nas-acoes-de-combate-a-covid-19\/","title":{"rendered":"EM ENTREVISTA, RUI COSTA COBRA MAIS CELERIDADE DO GOVERNO FEDERAL MAIS CELERIDADE NAS A\u00c7\u00d5ES DE COMBATE \u00c0 COVID-19"},"content":{"rendered":"<p><img loading=\"lazy\" decoding=\"async\" class=\"aligncenter wp-image-133322\" src=\"http:\/\/www.politicosdosuldabahia.com.br\/v1\/wp-content\/uploads\/2020\/03\/C6DF32B3-0F9F-4AEC-8877-B5954DB62A74-300x158.jpeg\" alt=\"C6DF32B3-0F9F-4AEC-8877-B5954DB62A74\" width=\"455\" height=\"239\" \/><\/p>\n<h3 style=\"text-align: justify\">O governador Rui Costa concedeu entrevista para a Revista F\u00f3rum nesta segunda-feira (30), transmitida ao vivo pela internet, quando pontuou as a\u00e7\u00f5es adotadas na Bahia para combater o avan\u00e7o do novo coronav\u00edrus. O estado registra 156 casos confirmados e uma v\u00edtima fatal da covid-19.<\/h3>\n<h3 style=\"text-align: justify\">Rui Costa ressaltou a import\u00e2ncia do isolamento como estrat\u00e9gia para achatar a curva no n\u00famero de casos no estado. Al\u00e9m disso, o governador criticou a demora na tomada de decis\u00f5es por parte do Governo Federal. \u201cEstamos enfrentando dificuldades para aquisi\u00e7\u00e3o de respiradores e a escassez de m\u00e1scaras N-95 que s\u00e3o as utilizadas pelo profissionais de sa\u00fade. Os recursos destinados pelo Governo Federal via Minist\u00e9rio da Sa\u00fade s\u00e3o insuficientes para este momento de crise. Recebemos at\u00e9 agora R$ 32 milh\u00f5es, o que equivale a R$ 2, por cidad\u00e3o baiano, e h\u00e1 previs\u00e3o de que sejam encaminhados mais R$ 44 milh\u00f5es. Os estados est\u00e3o com muitas dificuldades para conseguir os insumos de sa\u00fade e ainda tem a demora do Governo Federal\u201d.<\/h3>\n<h3 style=\"text-align: justify\">Rui Costa tamb\u00e9m criticou a centraliza\u00e7\u00e3o das compras dos insumos junto ao Minist\u00e9rio da Sa\u00fade. \u201cN\u00e3o d\u00e1 pra entender essa estrat\u00e9gia e s\u00f3 faria sentido se fosse para conseguir redu\u00e7\u00e3o no pre\u00e7o dos produtos. Estamos aguardando o envio de respiradores e s\u00f3 posso acreditar que eles n\u00e3o conseguiram comprar ou est\u00e3o com dificuldades para distribuir esse material. Estamos cobrando uma manifesta\u00e7\u00e3o mais urgente do Minist\u00e9rio da Sa\u00fade\u201d.<\/h3>\n<h3 style=\"text-align: justify\">Quando questionado sobre as apari\u00e7\u00f5es p\u00fablicas de Jair Bolsonaro, no \u00faltimo domingo, o governador baiano afirma que o presidente n\u00e3o est\u00e1 tratando a pandemia com a seriedade necess\u00e1ria. \u201cComo cidad\u00e3o, pai de fam\u00edlia, fico indignado com a postura do presidente da Rep\u00fablica. Ele fica brincando, quando a ele cabe coordenar as a\u00e7\u00f5es para salvar as vidas humanas. L\u00edderes mundiais fazem a\u00e7\u00f5es s\u00e9rias e viabilizam a libera\u00e7\u00e3o de recursos de montantes in\u00e9ditos. Os governadores querem que o presente sente na cadeira da Rep\u00fablica e trate a quest\u00e3o com seriedade. Ele \u00e9 um p\u00e9ssimo exemplo para o mundo inteiro e nos causa vergonha\u201d, comentou.<\/h3>\n<h3 style=\"text-align: justify\">O uso da cloroquina tamb\u00e9m foi abordado na entrevista e o governador comentou a repercuss\u00e3o sobre o uso do rem\u00e9dio no paciente de 74 anos que morreu em fun\u00e7\u00e3o da covid-19, em Salvador, no \u00faltimo domingo. Rui explicou que n\u00e3o h\u00e1 uma rela\u00e7\u00e3o direta entre a morte e o uso do medicamento. \u201cEste paciente estava internado em estado grave e acredito que o uso da cloroquina foi um recurso final da equipe m\u00e9dica diante da situa\u00e7\u00e3o grave em que o paciente estava. Isso \u00e9 bem diferente do que foi veiculado por parte da imprensa que atribu\u00eda a morte ao uso desse tipo de medicamentos. N\u00e3o me parece que h\u00e1 essa rela\u00e7\u00e3o de causa e efeito\u201d.<\/h3>\n<h3 style=\"text-align: justify\">O governador aproveitou o momento para esclarecer que as partidas de futebol na Bahia continuam suspensas, sejam elas com ou sem p\u00fablico. Rui Costa ainda pontuou que as a\u00e7\u00f5es do Governo do Estado continuam com foco na amplia\u00e7\u00e3o do n\u00famero de leitos e refor\u00e7o nos servi\u00e7os de aten\u00e7\u00e3o b\u00e1sica de sa\u00fade e para isso est\u00e3o sendo inauguradas novas UPAs.<\/h3>\n<p>&nbsp;<\/p>\n","protected":false},"excerpt":{"rendered":"<p>O governador Rui Costa concedeu entrevista para a Revista F\u00f3rum nesta segunda-feira (30), transmitida ao vivo pela internet, quando pontuou as a\u00e7\u00f5es adotadas na Bahia para combater o avan\u00e7o do novo coronav\u00edrus. O estado registra 156 casos confirmados e uma v\u00edtima fatal da covid-19. Rui Costa ressaltou a import\u00e2ncia do isolamento como estrat\u00e9gia para achatar [&hellip;]<\/p>\n","protected":false},"author":992,"featured_media":0,"comment_status":"open","ping_status":"open","sticky":false,"template":"","format":"standard","meta":{"footnotes":"","_links_to":"","_links_to_target":""},"categories":[14],"tags":[],"class_list":["post-133321","post","type-post","status-publish","format-standard","hentry","category-bahia-geral"],"views":712,"_links":{"self":[{"href":"https:\/\/www.politicosdosuldabahia.com.br\/v1\/wp-json\/wp\/v2\/posts\/133321"}],"collection":[{"href":"https:\/\/www.politicosdosuldabahia.com.br\/v1\/wp-json\/wp\/v2\/posts"}],"about":[{"href":"https:\/\/www.politicosdosuldabahia.com.br\/v1\/wp-json\/wp\/v2\/types\/post"}],"author":[{"embeddable":true,"href":"https:\/\/www.politicosdosuldabahia.com.br\/v1\/wp-json\/wp\/v2\/users\/992"}],"replies":[{"embeddable":true,"href":"https:\/\/www.politicosdosuldabahia.com.br\/v1\/wp-json\/wp\/v2\/comments?post=133321"}],"version-history":[{"count":3,"href":"https:\/\/www.politicosdosuldabahia.com.br\/v1\/wp-json\/wp\/v2\/posts\/133321\/revisions"}],"predecessor-version":[{"id":133328,"href":"https:\/\/www.politicosdosuldabahia.com.br\/v1\/wp-json\/wp\/v2\/posts\/133321\/revisions\/133328"}],"wp:attachment":[{"href":"https:\/\/www.politicosdosuldabahia.com.br\/v1\/wp-json\/wp\/v2\/media?parent=133321"}],"wp:term":[{"taxonomy":"category","embeddable":true,"href":"https:\/\/www.politicosdosuldabahia.com.br\/v1\/wp-json\/wp\/v2\/categories?post=133321"},{"taxonomy":"post_tag","embeddable":true,"href":"https:\/\/www.politicosdosuldabahia.com.br\/v1\/wp-json\/wp\/v2\/tags?post=133321"}],"curies":[{"name":"wp","href":"https:\/\/api.w.org\/{rel}","templated":true}]}}