
{"id":133074,"date":"2020-03-24T20:01:24","date_gmt":"2020-03-24T23:01:24","guid":{"rendered":"http:\/\/www.politicosdosuldabahia.com.br\/v1\/?p=133074"},"modified":"2020-03-24T20:01:24","modified_gmt":"2020-03-24T23:01:24","slug":"bahia-deputado-ronaldo-carletto-destina-r-3555-milhoes-para-o-combate-ao-coronavirus","status":"publish","type":"post","link":"https:\/\/www.politicosdosuldabahia.com.br\/v1\/2020\/03\/24\/bahia-deputado-ronaldo-carletto-destina-r-3555-milhoes-para-o-combate-ao-coronavirus\/","title":{"rendered":"BAHIA: DEPUTADO RONALDO CARLETTO DESTINA R$ 3,555 MILH\u00d5ES PARA O COMBATE AO CORONAV\u00cdRUS"},"content":{"rendered":"<h3 style=\"text-align: justify\"><img loading=\"lazy\" decoding=\"async\" class=\"aligncenter wp-image-133075\" src=\"http:\/\/www.politicosdosuldabahia.com.br\/v1\/wp-content\/uploads\/2020\/03\/WhatsApp-Image-2020-03-24-at-19.58.36-300x300.jpeg\" alt=\"WhatsApp Image 2020-03-24 at 19.58.36\" width=\"455\" height=\"455\" srcset=\"https:\/\/www.politicosdosuldabahia.com.br\/v1\/wp-content\/uploads\/2020\/03\/WhatsApp-Image-2020-03-24-at-19.58.36-300x300.jpeg 300w, https:\/\/www.politicosdosuldabahia.com.br\/v1\/wp-content\/uploads\/2020\/03\/WhatsApp-Image-2020-03-24-at-19.58.36-150x150.jpeg 150w, https:\/\/www.politicosdosuldabahia.com.br\/v1\/wp-content\/uploads\/2020\/03\/WhatsApp-Image-2020-03-24-at-19.58.36-768x768.jpeg 768w, https:\/\/www.politicosdosuldabahia.com.br\/v1\/wp-content\/uploads\/2020\/03\/WhatsApp-Image-2020-03-24-at-19.58.36-1024x1024.jpeg 1024w, https:\/\/www.politicosdosuldabahia.com.br\/v1\/wp-content\/uploads\/2020\/03\/WhatsApp-Image-2020-03-24-at-19.58.36.jpeg 1080w\" sizes=\"(max-width: 455px) 100vw, 455px\" \/><\/h3>\n<h3 style=\"text-align: justify\">O deputado Ronaldo Carletto (PP) comunicou nesta ter\u00e7a-feira, dia 24 de mar\u00e7o, a sua decis\u00e3o de remanejar a indica\u00e7\u00e3o de quatro emendas de bancada, no valor total de R$ 3,555 milh\u00f5es, para as a\u00e7\u00f5es de combate ao novo coronav\u00edrus COVID-19 na Bahia. Ele fez o comunicado durante uma reuni\u00e3o de bancada, da qual participaram 22 deputados e dois senadores, al\u00e9m do governador Rui Costa.<\/h3>\n<h3 style=\"text-align: justify\">\u201cSabemos da import\u00e2ncia de obras estruturantes para a Bahia, mas entendemos que agora \u00e9 momento de cuidar da sa\u00fade da popula\u00e7\u00e3o, de evitar o colapso do sistema de sa\u00fade e garantir a vida das pessoas\u201d, argumentou Carletto.<\/h3>\n<h3 style=\"text-align: justify\">As emendas remanejadas seriam destinadas ao Departamento Nacional de Obras Contra as Secas (DNOCS), Companhia de Desenvolvimento e A\u00e7\u00e3o Regional (Car), Companhia de Desenvolvimento dos Vales do S\u00e3o Francisco e do Parna\u00edba (CODEVASF) e BR 415. Agora, o recurso ser\u00e1 utilizado em a\u00e7\u00f5es de preven\u00e7\u00e3o \u00e0 transmiss\u00e3o do v\u00edrus, no cuidado dos enfermos que dependem do sistema p\u00fablico de sa\u00fade, al\u00e9m de a\u00e7\u00f5es de assist\u00eancia social \u00e0 popula\u00e7\u00e3o carente que n\u00e3o possui garantia de renda mensal.<\/h3>\n<h3 style=\"text-align: justify\">Pandemia na Bahia e no Brasil \u2013 O n\u00famero de pacientes infectados pelo novo coronav\u00edrus na Bahia chegou a 76 na manh\u00e3 desta ter\u00e7a-feira (24). Salvador concentra o maior n\u00famero de casos confirmados com 46. Al\u00e9m da capital, outros 14 munic\u00edpios possuem casos positivos s\u00e3o: Alagoinhas (1); Barreiras (1); Brumado (1); Cama\u00e7ari (1); Concei\u00e7\u00e3o do Jacu\u00edpe (1); Conde (1); Feira de Santana (6); Itabuna (1); Jequi\u00e9 (1); Juazeiro (2); Lauro de Freitas (3); Porto Seguro (8); Prado (2); e Teixeira de Freitas (1).<\/h3>\n<h3 style=\"text-align: justify\">Em todo o pa\u00eds j\u00e1 s\u00e3o 2.201 casos confirmados de Covid-19 e 46 mortes, de acordo com informa\u00e7\u00f5es do Minist\u00e9rio da Sa\u00fade.<\/h3>\n","protected":false},"excerpt":{"rendered":"<p>O deputado Ronaldo Carletto (PP) comunicou nesta ter\u00e7a-feira, dia 24 de mar\u00e7o, a sua decis\u00e3o de remanejar a indica\u00e7\u00e3o de quatro emendas de bancada, no valor total de R$ 3,555 milh\u00f5es, para as a\u00e7\u00f5es de combate ao novo coronav\u00edrus COVID-19 na Bahia. Ele fez o comunicado durante uma reuni\u00e3o de bancada, da qual participaram 22 [&hellip;]<\/p>\n","protected":false},"author":992,"featured_media":0,"comment_status":"open","ping_status":"open","sticky":false,"template":"","format":"standard","meta":{"footnotes":"","_links_to":"","_links_to_target":""},"categories":[14],"tags":[],"class_list":["post-133074","post","type-post","status-publish","format-standard","hentry","category-bahia-geral"],"views":1183,"_links":{"self":[{"href":"https:\/\/www.politicosdosuldabahia.com.br\/v1\/wp-json\/wp\/v2\/posts\/133074"}],"collection":[{"href":"https:\/\/www.politicosdosuldabahia.com.br\/v1\/wp-json\/wp\/v2\/posts"}],"about":[{"href":"https:\/\/www.politicosdosuldabahia.com.br\/v1\/wp-json\/wp\/v2\/types\/post"}],"author":[{"embeddable":true,"href":"https:\/\/www.politicosdosuldabahia.com.br\/v1\/wp-json\/wp\/v2\/users\/992"}],"replies":[{"embeddable":true,"href":"https:\/\/www.politicosdosuldabahia.com.br\/v1\/wp-json\/wp\/v2\/comments?post=133074"}],"version-history":[{"count":1,"href":"https:\/\/www.politicosdosuldabahia.com.br\/v1\/wp-json\/wp\/v2\/posts\/133074\/revisions"}],"predecessor-version":[{"id":133076,"href":"https:\/\/www.politicosdosuldabahia.com.br\/v1\/wp-json\/wp\/v2\/posts\/133074\/revisions\/133076"}],"wp:attachment":[{"href":"https:\/\/www.politicosdosuldabahia.com.br\/v1\/wp-json\/wp\/v2\/media?parent=133074"}],"wp:term":[{"taxonomy":"category","embeddable":true,"href":"https:\/\/www.politicosdosuldabahia.com.br\/v1\/wp-json\/wp\/v2\/categories?post=133074"},{"taxonomy":"post_tag","embeddable":true,"href":"https:\/\/www.politicosdosuldabahia.com.br\/v1\/wp-json\/wp\/v2\/tags?post=133074"}],"curies":[{"name":"wp","href":"https:\/\/api.w.org\/{rel}","templated":true}]}}