
{"id":132913,"date":"2020-03-22T13:34:10","date_gmt":"2020-03-22T16:34:10","guid":{"rendered":"http:\/\/www.politicosdosuldabahia.com.br\/v1\/?p=132913"},"modified":"2020-03-22T13:34:10","modified_gmt":"2020-03-22T16:34:10","slug":"rui-costa-reune-equipe-na-governadoria-e-reafirma-suspensao-de-transportes-intermunicipais","status":"publish","type":"post","link":"https:\/\/www.politicosdosuldabahia.com.br\/v1\/2020\/03\/22\/rui-costa-reune-equipe-na-governadoria-e-reafirma-suspensao-de-transportes-intermunicipais\/","title":{"rendered":"RUI COSTA RE\u00daNE EQUIPE NA GOVERNADORIA E REAFIRMA SUSPENS\u00c3O DE TRANSPORTES INTERMUNICIPAIS"},"content":{"rendered":"<h3 style=\"text-align: justify\"><img loading=\"lazy\" decoding=\"async\" class=\"aligncenter wp-image-132914\" src=\"http:\/\/www.politicosdosuldabahia.com.br\/v1\/wp-content\/uploads\/2020\/03\/WhatsApp-Image-2020-03-22-at-12.39.31-300x200.jpeg\" alt=\"WhatsApp Image 2020-03-22 at 12.39.31\" width=\"455\" height=\"303\" srcset=\"https:\/\/www.politicosdosuldabahia.com.br\/v1\/wp-content\/uploads\/2020\/03\/WhatsApp-Image-2020-03-22-at-12.39.31-300x200.jpeg 300w, https:\/\/www.politicosdosuldabahia.com.br\/v1\/wp-content\/uploads\/2020\/03\/WhatsApp-Image-2020-03-22-at-12.39.31-768x512.jpeg 768w, https:\/\/www.politicosdosuldabahia.com.br\/v1\/wp-content\/uploads\/2020\/03\/WhatsApp-Image-2020-03-22-at-12.39.31-1024x683.jpeg 1024w, https:\/\/www.politicosdosuldabahia.com.br\/v1\/wp-content\/uploads\/2020\/03\/WhatsApp-Image-2020-03-22-at-12.39.31.jpeg 1167w\" sizes=\"(max-width: 455px) 100vw, 455px\" \/><\/h3>\n<h3 style=\"text-align: justify\">O governador Rui Costa reafirmou a suspens\u00e3o dos transportes intermunicipais na Bahia durante reuni\u00e3o, na manh\u00e3 deste domingo (22), na Governadoria, com secret\u00e1rios e representantes de \u00f3rg\u00e3os estaduais. &#8220;Eu quero reafirmar que, na Bahia e no Nordeste, n\u00f3s vamos continuar com essas a\u00e7\u00f5es. Vamos inclusive entrar com uma a\u00e7\u00e3o para discutir a inconstitucionalidade da Medida Provis\u00f3ria do presidente. \u00c9 preciso que o Governo Federal cuide da vida das pessoas\u201d, afirmou.<\/h3>\n<h3 style=\"text-align: justify\">Rui tamb\u00e9m cobrou que o Governo Federal amplie o credenciamento de hospitais no SUS. &#8220;Se \u00e9 para discutir a atribui\u00e7\u00e3o, deveria ser obriga\u00e7\u00e3o do Governo Federal credenciar os hospitais do SUS. N\u00f3s estamos h\u00e1 mais de dois anos com hospitais na Bahia funcionando sem nenhum repasse do SUS, com 100% de recursos do Estado. \u00c9 preciso que o Governo Federal fa\u00e7a alguma coisa, se n\u00e3o conseguir fazer, que pelo menos n\u00e3o atrapalhe os estados que est\u00e3o tentando salvar vidas&#8221;.<\/h3>\n<h3 style=\"text-align: justify\">Durante a reuni\u00e3o, segundo Rui, foi feito um check list das a\u00e7\u00f5es das diversas secretarias. &#8220;Estamos aqui no gabinete, neste domingo, fazendo uma reuni\u00e3o com toda a equipe para ver o andamento das provid\u00eancias de garantia de leitos hospitalares para os pacientes que vierem infectados pelo coronav\u00edrus. J\u00e1 fizemos aqui a verifica\u00e7\u00e3o de v\u00e1rios hospitais, vamos reativar tamb\u00e9m UPA&#8217;s no interior do estado, ou seja, nossa equipe est\u00e1 adotando as provid\u00eancias&#8221;.<\/h3>\n<h3 style=\"text-align: justify\">Participam da reuni\u00e3o os secret\u00e1rios da Sa\u00fade, F\u00e1bio Vilas-Boas; do planejamento, Walter Pinheiro; de Infraestrutura, Marcus Cavalcanti; de Administra\u00e7\u00e3o Penitenci\u00e1ria, Nestor Duarte; da Administra\u00e7\u00e3o, Edelvino G\u00f3es, e outros representantes de secretarias e \u00f3rg\u00e3os.<\/h3>\n","protected":false},"excerpt":{"rendered":"<p>O governador Rui Costa reafirmou a suspens\u00e3o dos transportes intermunicipais na Bahia durante reuni\u00e3o, na manh\u00e3 deste domingo (22), na Governadoria, com secret\u00e1rios e representantes de \u00f3rg\u00e3os estaduais. &#8220;Eu quero reafirmar que, na Bahia e no Nordeste, n\u00f3s vamos continuar com essas a\u00e7\u00f5es. Vamos inclusive entrar com uma a\u00e7\u00e3o para discutir a inconstitucionalidade da Medida [&hellip;]<\/p>\n","protected":false},"author":992,"featured_media":0,"comment_status":"open","ping_status":"open","sticky":false,"template":"","format":"standard","meta":{"footnotes":"","_links_to":"","_links_to_target":""},"categories":[14],"tags":[],"class_list":["post-132913","post","type-post","status-publish","format-standard","hentry","category-bahia-geral"],"views":786,"_links":{"self":[{"href":"https:\/\/www.politicosdosuldabahia.com.br\/v1\/wp-json\/wp\/v2\/posts\/132913"}],"collection":[{"href":"https:\/\/www.politicosdosuldabahia.com.br\/v1\/wp-json\/wp\/v2\/posts"}],"about":[{"href":"https:\/\/www.politicosdosuldabahia.com.br\/v1\/wp-json\/wp\/v2\/types\/post"}],"author":[{"embeddable":true,"href":"https:\/\/www.politicosdosuldabahia.com.br\/v1\/wp-json\/wp\/v2\/users\/992"}],"replies":[{"embeddable":true,"href":"https:\/\/www.politicosdosuldabahia.com.br\/v1\/wp-json\/wp\/v2\/comments?post=132913"}],"version-history":[{"count":1,"href":"https:\/\/www.politicosdosuldabahia.com.br\/v1\/wp-json\/wp\/v2\/posts\/132913\/revisions"}],"predecessor-version":[{"id":132915,"href":"https:\/\/www.politicosdosuldabahia.com.br\/v1\/wp-json\/wp\/v2\/posts\/132913\/revisions\/132915"}],"wp:attachment":[{"href":"https:\/\/www.politicosdosuldabahia.com.br\/v1\/wp-json\/wp\/v2\/media?parent=132913"}],"wp:term":[{"taxonomy":"category","embeddable":true,"href":"https:\/\/www.politicosdosuldabahia.com.br\/v1\/wp-json\/wp\/v2\/categories?post=132913"},{"taxonomy":"post_tag","embeddable":true,"href":"https:\/\/www.politicosdosuldabahia.com.br\/v1\/wp-json\/wp\/v2\/tags?post=132913"}],"curies":[{"name":"wp","href":"https:\/\/api.w.org\/{rel}","templated":true}]}}