
{"id":132896,"date":"2020-03-21T20:47:16","date_gmt":"2020-03-21T23:47:16","guid":{"rendered":"http:\/\/www.politicosdosuldabahia.com.br\/v1\/?p=132896"},"modified":"2020-03-21T20:47:16","modified_gmt":"2020-03-21T23:47:16","slug":"oposicao-na-al-ba-vai-liberar-formalidades-temos-que-votar-o-estado-de-calamidade-o-quanto-antes-diz-lider","status":"publish","type":"post","link":"https:\/\/www.politicosdosuldabahia.com.br\/v1\/2020\/03\/21\/oposicao-na-al-ba-vai-liberar-formalidades-temos-que-votar-o-estado-de-calamidade-o-quanto-antes-diz-lider\/","title":{"rendered":"OPOSI\u00c7\u00c3O NA AL-BA VAI LIBERAR FORMALIDADES: \u201cTEMOS QUE VOTAR O ESTADO DE CALAMIDADE O QUANTO ANTES\u201d, DIZ L\u00cdDER"},"content":{"rendered":"<p>&nbsp;<\/p>\n<p><img loading=\"lazy\" decoding=\"async\" class=\"aligncenter wp-image-132897\" src=\"http:\/\/www.politicosdosuldabahia.com.br\/v1\/wp-content\/uploads\/2020\/03\/IMAGEM_NOTICIA_0-300x169.jpg\" alt=\"IMAGEM_NOTICIA_0\" width=\"455\" height=\"256\" srcset=\"https:\/\/www.politicosdosuldabahia.com.br\/v1\/wp-content\/uploads\/2020\/03\/IMAGEM_NOTICIA_0-300x169.jpg 300w, https:\/\/www.politicosdosuldabahia.com.br\/v1\/wp-content\/uploads\/2020\/03\/IMAGEM_NOTICIA_0-768x431.jpg 768w, https:\/\/www.politicosdosuldabahia.com.br\/v1\/wp-content\/uploads\/2020\/03\/IMAGEM_NOTICIA_0.jpg 890w\" sizes=\"(max-width: 455px) 100vw, 455px\" \/><\/p>\n<h3 style=\"text-align: justify\">O l\u00edder da oposi\u00e7\u00e3o na Assembleia Legislativa da Bahia, deputado estadual Sandro R\u00e9gis (DEM), informou que abrir\u00e1 m\u00e3o das formalidades para aprecia\u00e7\u00e3o imediata da declara\u00e7\u00e3o do Estado de Calamidade, pedido pelo governador Rui Costa (PT). A mensagem do chefe do Executivo foi publicada no Di\u00e1rio Oficial do Legislativo deste s\u00e1bado (21).<\/h3>\n<h3 style=\"text-align: justify\">Em conversa com o\u00a0<strong>BNews<\/strong>, R\u00e9gis afirmou ser uma decis\u00e3o aprovada por seus colegas de bancada. \u201cNessa hora estamos todos juntos em pelo povo da Bahia. N\u00e3o tem oposi\u00e7\u00e3o ou situa\u00e7\u00e3o. Temos que viabilizar medidas que possamos garantia a viabilidade do combate da infec\u00e7\u00e3o e do tratamento para aquele j\u00e1 infectados\u201d, disse.<\/h3>\n<h3 style=\"text-align: justify\">Questionado quando ocorrer\u00e1 a aprecia\u00e7\u00e3o, o democrata disse que ainda espera uma posi\u00e7\u00e3o da Assembleia para viabilidade da vota\u00e7\u00e3o remota. \u201cO presidente est\u00e1 viabilizando, mas acredito que no in\u00edcio da pr\u00f3xima semana a gente j\u00e1 vote\u201d.<\/h3>\n<h3 style=\"text-align: justify\">Conforme antecipado pelo\u00a0<strong>BNews<\/strong>,\u00a0<a href=\"https:\/\/www.bnews.com.br\/noticias\/politica\/coronavirus\/262704,al-ba-estuda-adotar-sistema-da-assembleia-do-ceara-para-votacao-remota-do-estado-de-calamidade.html\">o deputado Nelson Leal (PP) tem estudado adotar o mesmo sistema de vota\u00e7\u00e3o remota da Assembleia Legislativa do Cear\u00e1<\/a>. O assunto ainda n\u00e3o foi confirmado.<\/h3>\n","protected":false},"excerpt":{"rendered":"<p>&nbsp; O l\u00edder da oposi\u00e7\u00e3o na Assembleia Legislativa da Bahia, deputado estadual Sandro R\u00e9gis (DEM), informou que abrir\u00e1 m\u00e3o das formalidades para aprecia\u00e7\u00e3o imediata da declara\u00e7\u00e3o do Estado de Calamidade, pedido pelo governador Rui Costa (PT). A mensagem do chefe do Executivo foi publicada no Di\u00e1rio Oficial do Legislativo deste s\u00e1bado (21). Em conversa com [&hellip;]<\/p>\n","protected":false},"author":992,"featured_media":0,"comment_status":"open","ping_status":"open","sticky":false,"template":"","format":"standard","meta":{"footnotes":"","_links_to":"","_links_to_target":""},"categories":[14],"tags":[],"class_list":["post-132896","post","type-post","status-publish","format-standard","hentry","category-bahia-geral"],"views":858,"_links":{"self":[{"href":"https:\/\/www.politicosdosuldabahia.com.br\/v1\/wp-json\/wp\/v2\/posts\/132896"}],"collection":[{"href":"https:\/\/www.politicosdosuldabahia.com.br\/v1\/wp-json\/wp\/v2\/posts"}],"about":[{"href":"https:\/\/www.politicosdosuldabahia.com.br\/v1\/wp-json\/wp\/v2\/types\/post"}],"author":[{"embeddable":true,"href":"https:\/\/www.politicosdosuldabahia.com.br\/v1\/wp-json\/wp\/v2\/users\/992"}],"replies":[{"embeddable":true,"href":"https:\/\/www.politicosdosuldabahia.com.br\/v1\/wp-json\/wp\/v2\/comments?post=132896"}],"version-history":[{"count":1,"href":"https:\/\/www.politicosdosuldabahia.com.br\/v1\/wp-json\/wp\/v2\/posts\/132896\/revisions"}],"predecessor-version":[{"id":132898,"href":"https:\/\/www.politicosdosuldabahia.com.br\/v1\/wp-json\/wp\/v2\/posts\/132896\/revisions\/132898"}],"wp:attachment":[{"href":"https:\/\/www.politicosdosuldabahia.com.br\/v1\/wp-json\/wp\/v2\/media?parent=132896"}],"wp:term":[{"taxonomy":"category","embeddable":true,"href":"https:\/\/www.politicosdosuldabahia.com.br\/v1\/wp-json\/wp\/v2\/categories?post=132896"},{"taxonomy":"post_tag","embeddable":true,"href":"https:\/\/www.politicosdosuldabahia.com.br\/v1\/wp-json\/wp\/v2\/tags?post=132896"}],"curies":[{"name":"wp","href":"https:\/\/api.w.org\/{rel}","templated":true}]}}