
{"id":132608,"date":"2020-03-17T15:05:26","date_gmt":"2020-03-17T18:05:26","guid":{"rendered":"http:\/\/www.politicosdosuldabahia.com.br\/v1\/?p=132608"},"modified":"2020-03-17T15:05:26","modified_gmt":"2020-03-17T18:05:26","slug":"deputados-de-oposicao-na-al-ba-decidem-fechar-gabinetes","status":"publish","type":"post","link":"https:\/\/www.politicosdosuldabahia.com.br\/v1\/2020\/03\/17\/deputados-de-oposicao-na-al-ba-decidem-fechar-gabinetes\/","title":{"rendered":"DEPUTADOS DE OPOSI\u00c7\u00c3O NA AL-BA DECIDEM FECHAR GABINETES"},"content":{"rendered":"<h3 style=\"text-align: justify\"><img loading=\"lazy\" decoding=\"async\" class=\"aligncenter wp-image-132609\" src=\"http:\/\/www.politicosdosuldabahia.com.br\/v1\/wp-content\/uploads\/2020\/03\/IMAGEM_NOTICIA_5-1-300x221.jpg\" alt=\"IMAGEM_NOTICIA_5 (1)\" width=\"455\" height=\"335\" srcset=\"https:\/\/www.politicosdosuldabahia.com.br\/v1\/wp-content\/uploads\/2020\/03\/IMAGEM_NOTICIA_5-1-300x221.jpg 300w, https:\/\/www.politicosdosuldabahia.com.br\/v1\/wp-content\/uploads\/2020\/03\/IMAGEM_NOTICIA_5-1.jpg 380w\" sizes=\"(max-width: 455px) 100vw, 455px\" \/><\/h3>\n<h3 style=\"text-align: justify\">Considerando as recomenda\u00e7\u00f5es do Minist\u00e9rio da Sa\u00fade e do Congresso Nacional para evitar evitar aglomera\u00e7\u00f5es e conter o avan\u00e7o do novo coronav\u00edrus, a bancada da Oposi\u00e7\u00e3o na Assembleia Legislativa da Bahia (AL-BA) informa que decidiu, por maioria, fechar os gabinetes dos deputados estaduais que integram o bloco, ap\u00f3s reuni\u00e3o realizada nesta ter\u00e7a-feira (17). Os colaboradores foram liberados para home office.<\/h3>\n<h3 style=\"text-align: justify\">O deputado Marcell Moraes (PSDB) decidiu operar o seu gabinete durante o turn\u00e3o, mas declarou que tomar\u00e1 todos os cuidados necess\u00e1rios para evitar a circula\u00e7\u00e3o de pessoas doentes. O l\u00edder da maioria, Sandro R\u00e9gis, declarou que os deputados que desejarem permanecer com seus gabinetes abertos, ir\u00e3o obedecer os decretos da AL-BA durante a crise.<\/h3>\n<h3 style=\"text-align: justify\">Ficar\u00e1 aberto apenas o gabinete da Lideran\u00e7a da Oposi\u00e7\u00e3o, com rod\u00edzio de dois colaboradores que estejam fora do grupo de risco &#8211; idosos e pessoas com problemas cr\u00f4nicos de sa\u00fade, como doen\u00e7as card\u00edacas e hep\u00e1ticas e diabetes. Nesta segunda-feira (16), a Mesa Diretora da ALBA j\u00e1 havia decidido implementar diversas medidas restritivas, a come\u00e7ar pelo Turn\u00e3o, com funcionamento da Casa das 13h \u00e0s 19h.<\/h3>\n<h3 style=\"text-align: justify\">&#8220;A lideran\u00e7a ser\u00e1 o canal aberto com a popula\u00e7\u00e3o para qualquer necessidade. N\u00e3o h\u00e1 motivo para p\u00e2nico, mas precisamos adotar todas as medidas poss\u00edveis para nos proteger, proteger os nossos e, acima de tudo, proteger o povo da Bahia. E sabemos que o melhor nesse momento \u00e9 restringir ao m\u00e1ximo o contato pessoal&#8221;, afirmou o deputado Sandro R\u00e9gis, l\u00edder da bancada, ap\u00f3s a reuni\u00e3o.<\/h3>\n<h3 style=\"text-align: justify\">R\u00e9gis informa, ainda, que, se a bancada for convocada para votar projetos importantes de interesse da Bahia, principalmente propostas relacionadas a medidas para combater o coronav\u00edrus, os deputados est\u00e3o aptos a apreciar qualquer mat\u00e9ria e atender\u00e3o ao chamado.<\/h3>\n<h3 style=\"text-align: justify\">Por &#8220;Bahia Not\u00edcias&#8221;<\/h3>\n","protected":false},"excerpt":{"rendered":"<p>Considerando as recomenda\u00e7\u00f5es do Minist\u00e9rio da Sa\u00fade e do Congresso Nacional para evitar evitar aglomera\u00e7\u00f5es e conter o avan\u00e7o do novo coronav\u00edrus, a bancada da Oposi\u00e7\u00e3o na Assembleia Legislativa da Bahia (AL-BA) informa que decidiu, por maioria, fechar os gabinetes dos deputados estaduais que integram o bloco, ap\u00f3s reuni\u00e3o realizada nesta ter\u00e7a-feira (17). Os colaboradores [&hellip;]<\/p>\n","protected":false},"author":992,"featured_media":0,"comment_status":"open","ping_status":"open","sticky":false,"template":"","format":"standard","meta":{"footnotes":"","_links_to":"","_links_to_target":""},"categories":[14],"tags":[],"class_list":["post-132608","post","type-post","status-publish","format-standard","hentry","category-bahia-geral"],"views":824,"_links":{"self":[{"href":"https:\/\/www.politicosdosuldabahia.com.br\/v1\/wp-json\/wp\/v2\/posts\/132608"}],"collection":[{"href":"https:\/\/www.politicosdosuldabahia.com.br\/v1\/wp-json\/wp\/v2\/posts"}],"about":[{"href":"https:\/\/www.politicosdosuldabahia.com.br\/v1\/wp-json\/wp\/v2\/types\/post"}],"author":[{"embeddable":true,"href":"https:\/\/www.politicosdosuldabahia.com.br\/v1\/wp-json\/wp\/v2\/users\/992"}],"replies":[{"embeddable":true,"href":"https:\/\/www.politicosdosuldabahia.com.br\/v1\/wp-json\/wp\/v2\/comments?post=132608"}],"version-history":[{"count":1,"href":"https:\/\/www.politicosdosuldabahia.com.br\/v1\/wp-json\/wp\/v2\/posts\/132608\/revisions"}],"predecessor-version":[{"id":132610,"href":"https:\/\/www.politicosdosuldabahia.com.br\/v1\/wp-json\/wp\/v2\/posts\/132608\/revisions\/132610"}],"wp:attachment":[{"href":"https:\/\/www.politicosdosuldabahia.com.br\/v1\/wp-json\/wp\/v2\/media?parent=132608"}],"wp:term":[{"taxonomy":"category","embeddable":true,"href":"https:\/\/www.politicosdosuldabahia.com.br\/v1\/wp-json\/wp\/v2\/categories?post=132608"},{"taxonomy":"post_tag","embeddable":true,"href":"https:\/\/www.politicosdosuldabahia.com.br\/v1\/wp-json\/wp\/v2\/tags?post=132608"}],"curies":[{"name":"wp","href":"https:\/\/api.w.org\/{rel}","templated":true}]}}